{"id":2509,"date":"2022-07-08T16:30:58","date_gmt":"2022-07-08T19:30:58","guid":{"rendered":"https:\/\/pos.uel.br\/ppgsoc\/?p=2509"},"modified":"2022-07-08T16:30:58","modified_gmt":"2022-07-08T19:30:58","slug":"evento-seminario-internacional-100-anos-de-erving-goffman","status":"publish","type":"post","link":"https:\/\/pos.uel.br\/ppgsoc\/sem-categoria\/2022\/07\/08\/evento-seminario-internacional-100-anos-de-erving-goffman\/","title":{"rendered":"Evento: Semin\u00e1rio Internacional 100 Anos de Erving Goffman"},"content":{"rendered":"\n<p>Ser\u00e1 realizado, do dia 19 de julho a 10 de novembro, o <strong>Semin\u00e1rio Internacional 100 Anos de Erving Goffman.<\/strong><\/p>\n\n\n\n<p>Para o evento, ser\u00e3o convidados e convidadas diferentes pesquisadores nacionais e internacionais que se dedicam a pesquisar a obra do autor.<\/p>\n\n\n<div class=\"wp-block-image\">\n<figure class=\"aligncenter size-large is-resized\"><img loading=\"lazy\" decoding=\"async\" src=\"https:\/\/pos.uel.br\/ppgsoc\/wp-content\/uploads\/2022\/07\/WhatsApp-Image-2022-07-08-at-14.14.43-1024x1024.jpeg\" alt=\"\" class=\"wp-image-2510\" width=\"393\" height=\"393\" srcset=\"https:\/\/pos.uel.br\/ppgsoc\/wp-content\/uploads\/2022\/07\/WhatsApp-Image-2022-07-08-at-14.14.43-1024x1024.jpeg 1024w, https:\/\/pos.uel.br\/ppgsoc\/wp-content\/uploads\/2022\/07\/WhatsApp-Image-2022-07-08-at-14.14.43-300x300.jpeg 300w, https:\/\/pos.uel.br\/ppgsoc\/wp-content\/uploads\/2022\/07\/WhatsApp-Image-2022-07-08-at-14.14.43-150x150.jpeg 150w, https:\/\/pos.uel.br\/ppgsoc\/wp-content\/uploads\/2022\/07\/WhatsApp-Image-2022-07-08-at-14.14.43-768x768.jpeg 768w, https:\/\/pos.uel.br\/ppgsoc\/wp-content\/uploads\/2022\/07\/WhatsApp-Image-2022-07-08-at-14.14.43.jpeg 1080w\" sizes=\"auto, (max-width: 393px) 100vw, 393px\" \/><figcaption><em>Divulga\u00e7\u00e3o<\/em><\/figcaption><\/figure>\n<\/div>\n\n\n<p>O evento ser\u00e1 transmitido pelos canais da <a href=\"https:\/\/www.youtube.com\/c\/SBStvOnline\" data-type=\"URL\" data-id=\"https:\/\/www.youtube.com\/c\/SBStvOnline\">SBS<\/a> e do <a href=\"https:\/\/www.youtube.com\/c\/IFCHUNICAMP1\" data-type=\"URL\" data-id=\"https:\/\/www.youtube.com\/c\/IFCHUNICAMP1\">IFCH Unicamp<\/a> no YouTube.<\/p>\n","protected":false},"excerpt":{"rendered":"<p>Ser\u00e1 realizado, do dia 19 de julho a 10 de novembro, o Semin\u00e1rio Internacional 100 Anos de Erving Goffman. Para o evento, ser\u00e3o convidados e convidadas diferentes pesquisadores nacionais e internacionais que se dedicam a pesquisar a obra do autor. O evento ser\u00e1 transmitido pelos canais da SBS e do IFCH Unicamp no YouTube.<\/p>\n","protected":false},"author":8,"featured_media":2510,"comment_status":"open","ping_status":"open","sticky":false,"template":"","format":"standard","meta":{"_acf_changed":false,"footnotes":""},"categories":[1],"tags":[],"class_list":["post-2509","post","type-post","status-publish","format-standard","has-post-thumbnail","hentry","category-sem-categoria"],"acf":[],"_links":{"self":[{"href":"https:\/\/pos.uel.br\/ppgsoc\/wp-json\/wp\/v2\/posts\/2509","targetHints":{"allow":["GET"]}}],"collection":[{"href":"https:\/\/pos.uel.br\/ppgsoc\/wp-json\/wp\/v2\/posts"}],"about":[{"href":"https:\/\/pos.uel.br\/ppgsoc\/wp-json\/wp\/v2\/types\/post"}],"author":[{"embeddable":true,"href":"https:\/\/pos.uel.br\/ppgsoc\/wp-json\/wp\/v2\/users\/8"}],"replies":[{"embeddable":true,"href":"https:\/\/pos.uel.br\/ppgsoc\/wp-json\/wp\/v2\/comments?post=2509"}],"version-history":[{"count":1,"href":"https:\/\/pos.uel.br\/ppgsoc\/wp-json\/wp\/v2\/posts\/2509\/revisions"}],"predecessor-version":[{"id":2511,"href":"https:\/\/pos.uel.br\/ppgsoc\/wp-json\/wp\/v2\/posts\/2509\/revisions\/2511"}],"wp:featuredmedia":[{"embeddable":true,"href":"https:\/\/pos.uel.br\/ppgsoc\/wp-json\/wp\/v2\/media\/2510"}],"wp:attachment":[{"href":"https:\/\/pos.uel.br\/ppgsoc\/wp-json\/wp\/v2\/media?parent=2509"}],"wp:term":[{"taxonomy":"category","embeddable":true,"href":"https:\/\/pos.uel.br\/ppgsoc\/wp-json\/wp\/v2\/categories?post=2509"},{"taxonomy":"post_tag","embeddable":true,"href":"https:\/\/pos.uel.br\/ppgsoc\/wp-json\/wp\/v2\/tags?post=2509"}],"curies":[{"name":"wp","href":"https:\/\/api.w.org\/{rel}","templated":true}]}}