{"id":2465,"date":"2022-06-03T13:28:14","date_gmt":"2022-06-03T16:28:14","guid":{"rendered":"https:\/\/pos.uel.br\/ppgsoc\/?p=2465"},"modified":"2022-06-03T13:28:14","modified_gmt":"2022-06-03T16:28:14","slug":"palestra-brasil-sec-xxi-contexto-e-perspectiva","status":"publish","type":"post","link":"https:\/\/pos.uel.br\/ppgsoc\/sem-categoria\/2022\/06\/03\/palestra-brasil-sec-xxi-contexto-e-perspectiva\/","title":{"rendered":"Palestra &#8220;Brasil S\u00e9c. XXI &#8211; Contexto e Perspectiva&#8221;"},"content":{"rendered":"\n<p>No dia 08 de junho (quarta-feira), o Prof. Dr. Emir Sader (UERJ e MOST &#8211; UNESCO) ministrar\u00e1 a palestra <strong>Brasil S\u00e9c. XXI &#8211; Contexto e Perspectiva<\/strong>.<\/p>\n\n\n\n<p>O evento ser\u00e1 realizado no Anfiteatro Cyro Grossi (campus UEL) \u00e0s 19h.<\/p>\n\n\n<div class=\"wp-block-image\">\n<figure class=\"aligncenter size-large is-resized\"><img loading=\"lazy\" decoding=\"async\" src=\"https:\/\/pos.uel.br\/ppgsoc\/wp-content\/uploads\/2022\/06\/WhatsApp-Image-2022-06-03-at-13.00.21-1024x1024.jpeg\" alt=\"\" class=\"wp-image-2466\" width=\"436\" height=\"436\" srcset=\"https:\/\/pos.uel.br\/ppgsoc\/wp-content\/uploads\/2022\/06\/WhatsApp-Image-2022-06-03-at-13.00.21-1024x1024.jpeg 1024w, https:\/\/pos.uel.br\/ppgsoc\/wp-content\/uploads\/2022\/06\/WhatsApp-Image-2022-06-03-at-13.00.21-300x300.jpeg 300w, https:\/\/pos.uel.br\/ppgsoc\/wp-content\/uploads\/2022\/06\/WhatsApp-Image-2022-06-03-at-13.00.21-150x150.jpeg 150w, https:\/\/pos.uel.br\/ppgsoc\/wp-content\/uploads\/2022\/06\/WhatsApp-Image-2022-06-03-at-13.00.21-768x768.jpeg 768w, https:\/\/pos.uel.br\/ppgsoc\/wp-content\/uploads\/2022\/06\/WhatsApp-Image-2022-06-03-at-13.00.21.jpeg 1280w\" sizes=\"auto, (max-width: 436px) 100vw, 436px\" \/><figcaption><em>Divulga\u00e7\u00e3o<\/em><\/figcaption><\/figure>\n<\/div>\n\n\n<p>A atividade \u00e9 uma realiza\u00e7\u00e3o das especializa\u00e7\u00f5es Antropologia &#8211; Diferen\u00e7a, Desigualdade e Poder; Ensino de Sociologia; e Comunica\u00e7\u00e3o e Cultura Pol\u00edtica. Apoiam o evento os Programas de P\u00f3s-gradua\u00e7\u00e3o em: Sociologia (PPGSOC); Hist\u00f3ria Social (PPGHS); Letras (PPGL); Estudos da Linguagem (PPGEL); Filosofia (PPGFIL); Economia Regional (PPE); Psicologia (PPGPSI) e os Mestrado Profissional de Sociologia em Rede Nacional (PROFSOCIO) e Mestrado Profissional em Letras (PROFLETRAS).<\/p>\n","protected":false},"excerpt":{"rendered":"<p>No dia 08 de junho (quarta-feira), o Prof. Dr. Emir Sader (UERJ e MOST &#8211; UNESCO) ministrar\u00e1 a palestra Brasil S\u00e9c. XXI &#8211; Contexto e Perspectiva. O evento ser\u00e1 realizado no Anfiteatro Cyro Grossi (campus UEL) \u00e0s 19h. A atividade \u00e9 uma realiza\u00e7\u00e3o das especializa\u00e7\u00f5es Antropologia &#8211; Diferen\u00e7a, Desigualdade e Poder; Ensino de Sociologia; e [&hellip;]<\/p>\n","protected":false},"author":8,"featured_media":2466,"comment_status":"open","ping_status":"open","sticky":false,"template":"","format":"standard","meta":{"_acf_changed":false,"footnotes":""},"categories":[1],"tags":[],"class_list":["post-2465","post","type-post","status-publish","format-standard","has-post-thumbnail","hentry","category-sem-categoria"],"acf":[],"_links":{"self":[{"href":"https:\/\/pos.uel.br\/ppgsoc\/wp-json\/wp\/v2\/posts\/2465","targetHints":{"allow":["GET"]}}],"collection":[{"href":"https:\/\/pos.uel.br\/ppgsoc\/wp-json\/wp\/v2\/posts"}],"about":[{"href":"https:\/\/pos.uel.br\/ppgsoc\/wp-json\/wp\/v2\/types\/post"}],"author":[{"embeddable":true,"href":"https:\/\/pos.uel.br\/ppgsoc\/wp-json\/wp\/v2\/users\/8"}],"replies":[{"embeddable":true,"href":"https:\/\/pos.uel.br\/ppgsoc\/wp-json\/wp\/v2\/comments?post=2465"}],"version-history":[{"count":1,"href":"https:\/\/pos.uel.br\/ppgsoc\/wp-json\/wp\/v2\/posts\/2465\/revisions"}],"predecessor-version":[{"id":2467,"href":"https:\/\/pos.uel.br\/ppgsoc\/wp-json\/wp\/v2\/posts\/2465\/revisions\/2467"}],"wp:featuredmedia":[{"embeddable":true,"href":"https:\/\/pos.uel.br\/ppgsoc\/wp-json\/wp\/v2\/media\/2466"}],"wp:attachment":[{"href":"https:\/\/pos.uel.br\/ppgsoc\/wp-json\/wp\/v2\/media?parent=2465"}],"wp:term":[{"taxonomy":"category","embeddable":true,"href":"https:\/\/pos.uel.br\/ppgsoc\/wp-json\/wp\/v2\/categories?post=2465"},{"taxonomy":"post_tag","embeddable":true,"href":"https:\/\/pos.uel.br\/ppgsoc\/wp-json\/wp\/v2\/tags?post=2465"}],"curies":[{"name":"wp","href":"https:\/\/api.w.org\/{rel}","templated":true}]}}