{"id":2455,"date":"2022-05-25T15:40:59","date_gmt":"2022-05-25T18:40:59","guid":{"rendered":"https:\/\/pos.uel.br\/ppgsoc\/?p=2455"},"modified":"2022-05-25T15:41:07","modified_gmt":"2022-05-25T18:41:07","slug":"ciclo-sbs-aulas-abertas-metodologicas","status":"publish","type":"post","link":"https:\/\/pos.uel.br\/ppgsoc\/sem-categoria\/2022\/05\/25\/ciclo-sbs-aulas-abertas-metodologicas\/","title":{"rendered":"Ciclo SBS Aulas Abertas: Metodol\u00f3gicas"},"content":{"rendered":"\n<p><\/p>\n\n\n\n<figure class=\"wp-block-image size-full\"><a href=\"https:\/\/forms.gle\/emCdopAHT5XWMg4U6\"><img loading=\"lazy\" decoding=\"async\" width=\"540\" height=\"758\" src=\"https:\/\/pos.uel.br\/ppgsoc\/wp-content\/uploads\/2022\/05\/WhatsApp-Image-2022-05-25-at-15.34.51.jpeg\" alt=\"\" class=\"wp-image-2456\" srcset=\"https:\/\/pos.uel.br\/ppgsoc\/wp-content\/uploads\/2022\/05\/WhatsApp-Image-2022-05-25-at-15.34.51.jpeg 540w, https:\/\/pos.uel.br\/ppgsoc\/wp-content\/uploads\/2022\/05\/WhatsApp-Image-2022-05-25-at-15.34.51-214x300.jpeg 214w\" sizes=\"auto, (max-width: 540px) 100vw, 540px\" \/><\/a><\/figure>\n\n\n\n<p>Entre os dias 06 e 15 de junho ocorrer\u00e1 mais uma edi\u00e7\u00e3o do Ciclo SBS Aulas Abertas- Metodol\u00f3gicas, o qual ter\u00e1 4 sess\u00f5es. A atividade \u00e9 um curso de extens\u00e3o e a participa\u00e7\u00e3o em 75% das atividades faz jus ao certificado de extens\u00e3o (8h).<\/p>\n\n\n\n<p><br>Inscri\u00e7\u00f5es gratuitas abertas podem ser realizadas atrav\u00e9s do link: https:\/\/forms.gle\/emCdopAHT5XWMg4U6<\/p>\n\n\n\n<p><br>Independente da inscri\u00e7\u00e3o, o curso poder\u00e1 ser acompanhado gratuitamente no canal da SBS no YouTube.<\/p>\n\n\n\n<p><\/p>\n\n\n\n<p>Confira a programa\u00e7\u00e3o:<\/p>\n\n\n\n<p>M\u00c9TODOS QUALITATIVOS DE PESQUISA EM SOCIOLOGIA &#8211; 06\/06, 18h<br>Gabriel Feltran (Cebrap e UFSCar)<\/p>\n\n\n\n<p>M\u00c9TODOS QUANTITATIVOS DE PESQUISA EM SOCIOLOGIA &#8211; 08\/06, 18h<br>Rog\u00e9rio Barbosa (IESP- UERJ)<\/p>\n\n\n\n<p>M\u00c9TODOS MISTOS DE PESQUISA EM SOCIOLOGIA &#8211; 13\/06, 18h<br>Val\u00e9ria Oliveira (UFMG)<\/p>\n\n\n\n<p>A PESQUISA com R em SOCIOLOGIA &#8211; 15\/06, 18h<br>Jakson de Aquino (UFC)<br>Mariana Chaguri, Breila Zannon, Lorena Fleury, Luana Motta e Gustavo Cunha<\/p>\n","protected":false},"excerpt":{"rendered":"<p>Entre os dias 06 e 15 de junho ocorrer\u00e1 mais uma edi\u00e7\u00e3o do Ciclo SBS Aulas Abertas- Metodol\u00f3gicas, o qual ter\u00e1 4 sess\u00f5es. A atividade \u00e9 um curso de extens\u00e3o e a participa\u00e7\u00e3o em 75% das atividades faz jus ao certificado de extens\u00e3o (8h). Inscri\u00e7\u00f5es gratuitas abertas podem ser realizadas atrav\u00e9s do link: https:\/\/forms.gle\/emCdopAHT5XWMg4U6 Independente [&hellip;]<\/p>\n","protected":false},"author":8,"featured_media":2457,"comment_status":"open","ping_status":"open","sticky":false,"template":"","format":"standard","meta":{"_acf_changed":false,"footnotes":""},"categories":[1],"tags":[],"class_list":["post-2455","post","type-post","status-publish","format-standard","has-post-thumbnail","hentry","category-sem-categoria"],"acf":[],"_links":{"self":[{"href":"https:\/\/pos.uel.br\/ppgsoc\/wp-json\/wp\/v2\/posts\/2455","targetHints":{"allow":["GET"]}}],"collection":[{"href":"https:\/\/pos.uel.br\/ppgsoc\/wp-json\/wp\/v2\/posts"}],"about":[{"href":"https:\/\/pos.uel.br\/ppgsoc\/wp-json\/wp\/v2\/types\/post"}],"author":[{"embeddable":true,"href":"https:\/\/pos.uel.br\/ppgsoc\/wp-json\/wp\/v2\/users\/8"}],"replies":[{"embeddable":true,"href":"https:\/\/pos.uel.br\/ppgsoc\/wp-json\/wp\/v2\/comments?post=2455"}],"version-history":[{"count":1,"href":"https:\/\/pos.uel.br\/ppgsoc\/wp-json\/wp\/v2\/posts\/2455\/revisions"}],"predecessor-version":[{"id":2459,"href":"https:\/\/pos.uel.br\/ppgsoc\/wp-json\/wp\/v2\/posts\/2455\/revisions\/2459"}],"wp:featuredmedia":[{"embeddable":true,"href":"https:\/\/pos.uel.br\/ppgsoc\/wp-json\/wp\/v2\/media\/2457"}],"wp:attachment":[{"href":"https:\/\/pos.uel.br\/ppgsoc\/wp-json\/wp\/v2\/media?parent=2455"}],"wp:term":[{"taxonomy":"category","embeddable":true,"href":"https:\/\/pos.uel.br\/ppgsoc\/wp-json\/wp\/v2\/categories?post=2455"},{"taxonomy":"post_tag","embeddable":true,"href":"https:\/\/pos.uel.br\/ppgsoc\/wp-json\/wp\/v2\/tags?post=2455"}],"curies":[{"name":"wp","href":"https:\/\/api.w.org\/{rel}","templated":true}]}}