{"id":2427,"date":"2022-04-08T15:22:03","date_gmt":"2022-04-08T18:22:03","guid":{"rendered":"https:\/\/pos.uel.br\/ppgsoc\/?p=2427"},"modified":"2022-04-08T15:22:05","modified_gmt":"2022-04-08T18:22:05","slug":"convite-cadastro-de-parecerista-revista-perspectivas-sociais","status":"publish","type":"post","link":"https:\/\/pos.uel.br\/ppgsoc\/sem-categoria\/2022\/04\/08\/convite-cadastro-de-parecerista-revista-perspectivas-sociais\/","title":{"rendered":"Convite &#8211; Cadastro de Parecerista Revista Perspectivas Sociais"},"content":{"rendered":"\n<p>A Revista Perspectivas Sociais (ISSN: 2317-7438) convida doutores\/as e doutorandos\/as da \u00e1rea das Ci\u00eancias Sociais e \u00e1reas afins, interessados\/as em colaborar com a revista como pareceristas, para se cadastrarem no <a rel=\"noreferrer noopener\" href=\"https:\/\/periodicos.ufpel.edu.br\/ojs2\/index.php\/percsoc\/user\/register\" target=\"_blank\">site<\/a><\/p>\n\n\n\n<div class=\"wp-block-image\"><figure class=\"aligncenter size-large is-resized\"><img loading=\"lazy\" decoding=\"async\" src=\"https:\/\/pos.uel.br\/ppgsoc\/wp-content\/uploads\/2022\/04\/Divulgacao-pareceristas-1024x1024.jpeg\" alt=\"\" class=\"wp-image-2428\" width=\"443\" height=\"443\" srcset=\"https:\/\/pos.uel.br\/ppgsoc\/wp-content\/uploads\/2022\/04\/Divulgacao-pareceristas-1024x1024.jpeg 1024w, https:\/\/pos.uel.br\/ppgsoc\/wp-content\/uploads\/2022\/04\/Divulgacao-pareceristas-300x300.jpeg 300w, https:\/\/pos.uel.br\/ppgsoc\/wp-content\/uploads\/2022\/04\/Divulgacao-pareceristas-150x150.jpeg 150w, https:\/\/pos.uel.br\/ppgsoc\/wp-content\/uploads\/2022\/04\/Divulgacao-pareceristas-768x768.jpeg 768w, https:\/\/pos.uel.br\/ppgsoc\/wp-content\/uploads\/2022\/04\/Divulgacao-pareceristas.jpeg 1080w\" sizes=\"auto, (max-width: 443px) 100vw, 443px\" \/><figcaption><em>Fonte: Divulga\u00e7\u00e3o<\/em><\/figcaption><\/figure><\/div>\n\n\n\n<p><br>Lembramos que \u00e9 necess\u00e1rio marcar a op\u00e7\u00e3o &#8220;avaliador&#8221; e identificar as \u00e1reas de interesse para avalia\u00e7\u00e3o, bem como, no item \u00a0&#8220;Resumo da Biografia&#8221;, indicar a titula\u00e7\u00e3o e o link de acesso ao curr\u00edculo Lattes.<\/p>\n","protected":false},"excerpt":{"rendered":"<p>A Revista Perspectivas Sociais (ISSN: 2317-7438) convida doutores\/as e doutorandos\/as da \u00e1rea das Ci\u00eancias Sociais e \u00e1reas afins, interessados\/as em colaborar com a revista como pareceristas, para se cadastrarem no site Lembramos que \u00e9 necess\u00e1rio marcar a op\u00e7\u00e3o &#8220;avaliador&#8221; e identificar as \u00e1reas de interesse para avalia\u00e7\u00e3o, bem como, no item \u00a0&#8220;Resumo da Biografia&#8221;, indicar [&hellip;]<\/p>\n","protected":false},"author":8,"featured_media":2428,"comment_status":"open","ping_status":"open","sticky":false,"template":"","format":"standard","meta":{"_acf_changed":false,"footnotes":""},"categories":[1],"tags":[],"class_list":["post-2427","post","type-post","status-publish","format-standard","has-post-thumbnail","hentry","category-sem-categoria"],"acf":[],"_links":{"self":[{"href":"https:\/\/pos.uel.br\/ppgsoc\/wp-json\/wp\/v2\/posts\/2427","targetHints":{"allow":["GET"]}}],"collection":[{"href":"https:\/\/pos.uel.br\/ppgsoc\/wp-json\/wp\/v2\/posts"}],"about":[{"href":"https:\/\/pos.uel.br\/ppgsoc\/wp-json\/wp\/v2\/types\/post"}],"author":[{"embeddable":true,"href":"https:\/\/pos.uel.br\/ppgsoc\/wp-json\/wp\/v2\/users\/8"}],"replies":[{"embeddable":true,"href":"https:\/\/pos.uel.br\/ppgsoc\/wp-json\/wp\/v2\/comments?post=2427"}],"version-history":[{"count":1,"href":"https:\/\/pos.uel.br\/ppgsoc\/wp-json\/wp\/v2\/posts\/2427\/revisions"}],"predecessor-version":[{"id":2429,"href":"https:\/\/pos.uel.br\/ppgsoc\/wp-json\/wp\/v2\/posts\/2427\/revisions\/2429"}],"wp:featuredmedia":[{"embeddable":true,"href":"https:\/\/pos.uel.br\/ppgsoc\/wp-json\/wp\/v2\/media\/2428"}],"wp:attachment":[{"href":"https:\/\/pos.uel.br\/ppgsoc\/wp-json\/wp\/v2\/media?parent=2427"}],"wp:term":[{"taxonomy":"category","embeddable":true,"href":"https:\/\/pos.uel.br\/ppgsoc\/wp-json\/wp\/v2\/categories?post=2427"},{"taxonomy":"post_tag","embeddable":true,"href":"https:\/\/pos.uel.br\/ppgsoc\/wp-json\/wp\/v2\/tags?post=2427"}],"curies":[{"name":"wp","href":"https:\/\/api.w.org\/{rel}","templated":true}]}}