{"id":2357,"date":"2022-03-09T18:23:07","date_gmt":"2022-03-09T21:23:07","guid":{"rendered":"https:\/\/pos.uel.br\/ppgsoc\/?p=2357"},"modified":"2022-03-09T18:23:09","modified_gmt":"2022-03-09T21:23:09","slug":"evento-brasil-brasis-brasilidades-independencias-modernismos-e-suas-representacoes-socioculturais","status":"publish","type":"post","link":"https:\/\/pos.uel.br\/ppgsoc\/sem-categoria\/2022\/03\/09\/evento-brasil-brasis-brasilidades-independencias-modernismos-e-suas-representacoes-socioculturais\/","title":{"rendered":"Evento: Brasil, Brasis, Brasilidades: independ\u00eancias, modernismos e suas representa\u00e7\u00f5es socioculturais"},"content":{"rendered":"\n<figure class=\"wp-block-image size-large\"><a href=\"bit.ly\/centenario22\"><img loading=\"lazy\" decoding=\"async\" width=\"1024\" height=\"1024\" src=\"https:\/\/pos.uel.br\/ppgsoc\/wp-content\/uploads\/2022\/03\/IMG-20220307-WA0007-1024x1024.jpg\" alt=\"\" class=\"wp-image-2358\" srcset=\"https:\/\/pos.uel.br\/ppgsoc\/wp-content\/uploads\/2022\/03\/IMG-20220307-WA0007-1024x1024.jpg 1024w, https:\/\/pos.uel.br\/ppgsoc\/wp-content\/uploads\/2022\/03\/IMG-20220307-WA0007-300x300.jpg 300w, https:\/\/pos.uel.br\/ppgsoc\/wp-content\/uploads\/2022\/03\/IMG-20220307-WA0007-150x150.jpg 150w, https:\/\/pos.uel.br\/ppgsoc\/wp-content\/uploads\/2022\/03\/IMG-20220307-WA0007-768x768.jpg 768w, https:\/\/pos.uel.br\/ppgsoc\/wp-content\/uploads\/2022\/03\/IMG-20220307-WA0007.jpg 1280w\" sizes=\"auto, (max-width: 1024px) 100vw, 1024px\" \/><\/a><\/figure>\n\n\n\n<p>De 14 \u00e0 17 de mar\u00e7o, o N\u00facleo de Estudos de Hist\u00f3ria Social da Cidade (NEHSC &#8211; PUC\/SP) promover\u00e1 o Col\u00f3quio Brasil, Brasis, Brasilidade &#8211; Modernismos e suas representa\u00e7\u00f5es socioculturais: o primeiro centen\u00e1rio da Semana de Arte Moderna. O evento ocorrer\u00e1 de modo remoto, sendo que a Prof\u00aa Dr\u00aa Carla Delgado (UEL) ir\u00e1 compor a mesa de abertura na palestra: &#8220;A imagina\u00e7\u00e3o da na\u00e7\u00e3o pela m\u00fasica brasileira: projetos est\u00e9ticos e pol\u00edticos&#8221;. <br><br>As inscri\u00e7\u00f5es podem ser realizadas <a href=\"https:\/\/www.even3.com.br\/centenario22\/\">aqui<\/a>. <\/p>\n\n\n\n<p><\/p>\n","protected":false},"excerpt":{"rendered":"<p>De 14 \u00e0 17 de mar\u00e7o, o N\u00facleo de Estudos de Hist\u00f3ria Social da Cidade (NEHSC &#8211; PUC\/SP) promover\u00e1 o Col\u00f3quio Brasil, Brasis, Brasilidade &#8211; Modernismos e suas representa\u00e7\u00f5es socioculturais: o primeiro centen\u00e1rio da Semana de Arte Moderna. O evento ocorrer\u00e1 de modo remoto, sendo que a Prof\u00aa Dr\u00aa Carla Delgado (UEL) ir\u00e1 compor a [&hellip;]<\/p>\n","protected":false},"author":8,"featured_media":2358,"comment_status":"open","ping_status":"open","sticky":false,"template":"","format":"standard","meta":{"_acf_changed":false,"footnotes":""},"categories":[1],"tags":[],"class_list":["post-2357","post","type-post","status-publish","format-standard","has-post-thumbnail","hentry","category-sem-categoria"],"acf":[],"_links":{"self":[{"href":"https:\/\/pos.uel.br\/ppgsoc\/wp-json\/wp\/v2\/posts\/2357","targetHints":{"allow":["GET"]}}],"collection":[{"href":"https:\/\/pos.uel.br\/ppgsoc\/wp-json\/wp\/v2\/posts"}],"about":[{"href":"https:\/\/pos.uel.br\/ppgsoc\/wp-json\/wp\/v2\/types\/post"}],"author":[{"embeddable":true,"href":"https:\/\/pos.uel.br\/ppgsoc\/wp-json\/wp\/v2\/users\/8"}],"replies":[{"embeddable":true,"href":"https:\/\/pos.uel.br\/ppgsoc\/wp-json\/wp\/v2\/comments?post=2357"}],"version-history":[{"count":1,"href":"https:\/\/pos.uel.br\/ppgsoc\/wp-json\/wp\/v2\/posts\/2357\/revisions"}],"predecessor-version":[{"id":2359,"href":"https:\/\/pos.uel.br\/ppgsoc\/wp-json\/wp\/v2\/posts\/2357\/revisions\/2359"}],"wp:featuredmedia":[{"embeddable":true,"href":"https:\/\/pos.uel.br\/ppgsoc\/wp-json\/wp\/v2\/media\/2358"}],"wp:attachment":[{"href":"https:\/\/pos.uel.br\/ppgsoc\/wp-json\/wp\/v2\/media?parent=2357"}],"wp:term":[{"taxonomy":"category","embeddable":true,"href":"https:\/\/pos.uel.br\/ppgsoc\/wp-json\/wp\/v2\/categories?post=2357"},{"taxonomy":"post_tag","embeddable":true,"href":"https:\/\/pos.uel.br\/ppgsoc\/wp-json\/wp\/v2\/tags?post=2357"}],"curies":[{"name":"wp","href":"https:\/\/api.w.org\/{rel}","templated":true}]}}