{"id":2303,"date":"2022-02-23T19:05:27","date_gmt":"2022-02-23T22:05:27","guid":{"rendered":"https:\/\/pos.uel.br\/ppgsoc\/?p=2303"},"modified":"2022-02-23T19:05:28","modified_gmt":"2022-02-23T22:05:28","slug":"inscricoes-abertas-para-o-seminario-eu-quero-botar-meu-corpo-na-rua-arte-publica-entre-espacos-poesia-e-resistencias","status":"publish","type":"post","link":"https:\/\/pos.uel.br\/ppgsoc\/sem-categoria\/2022\/02\/23\/inscricoes-abertas-para-o-seminario-eu-quero-botar-meu-corpo-na-rua-arte-publica-entre-espacos-poesia-e-resistencias\/","title":{"rendered":"Inscri\u00e7\u00f5es abertas para o Semin\u00e1rio Eu quero botar meu corpo na rua: arte p\u00fablica entre espa\u00e7os, poesia e resist\u00eancias"},"content":{"rendered":"\n<figure class=\"wp-block-image size-large\"><a href=\"https:\/\/www.quandonde.com.br\/corponarua\"><img loading=\"lazy\" decoding=\"async\" width=\"1019\" height=\"1024\" src=\"https:\/\/pos.uel.br\/ppgsoc\/wp-content\/uploads\/2022\/02\/eu-quero-botar-meu-corpo-na-rua-1019x1024.jpeg\" alt=\"\" class=\"wp-image-2304\" srcset=\"https:\/\/pos.uel.br\/ppgsoc\/wp-content\/uploads\/2022\/02\/eu-quero-botar-meu-corpo-na-rua-1019x1024.jpeg 1019w, https:\/\/pos.uel.br\/ppgsoc\/wp-content\/uploads\/2022\/02\/eu-quero-botar-meu-corpo-na-rua-300x300.jpeg 300w, https:\/\/pos.uel.br\/ppgsoc\/wp-content\/uploads\/2022\/02\/eu-quero-botar-meu-corpo-na-rua-150x150.jpeg 150w, https:\/\/pos.uel.br\/ppgsoc\/wp-content\/uploads\/2022\/02\/eu-quero-botar-meu-corpo-na-rua-768x772.jpeg 768w, https:\/\/pos.uel.br\/ppgsoc\/wp-content\/uploads\/2022\/02\/eu-quero-botar-meu-corpo-na-rua.jpeg 1274w\" sizes=\"auto, (max-width: 1019px) 100vw, 1019px\" \/><\/a><\/figure>\n\n\n\n<p>O semin\u00e1rio <em>Eu quero botar meu corpo na rua<\/em> \u00e9 um evento organizado pela quandonde interven\u00e7\u00f5es urbanas em arte (projeto de pesquisa \u201cArte e Espa\u00e7o P\u00fablico: uma discuss\u00e3o no meio da rua\u201d Universidade Estadual do Paran\u00e1 \u2013 UNESPAR\/FAP) e pelo LATECRE (Departamento de Geografia da Universidade Federal\u00a0 do Paran\u00e1 \u2013 UFPR). O evento ser\u00e1 realizado entre os dias 30\/03 e 02\/04 em ambiente virtual.<\/p>\n\n\n\n<p>As inscri\u00e7\u00f5es j\u00e1 est\u00e3o abertas e podem ser realizadas <a href=\"https:\/\/www.even3.com.br\/euquerobotarmeucorponarua\/\">aqui<\/a>. <\/p>\n\n\n\n<p>O prazo para submiss\u00e3o de trabalhos \u00e9 at\u00e9 o dia 05\/03\/2022.<\/p>\n\n\n\n<p>Para mais informa\u00e7\u00f5es acesse: https:\/\/www.quandonde.com.br\/corponarua<\/p>\n","protected":false},"excerpt":{"rendered":"<p>O semin\u00e1rio Eu quero botar meu corpo na rua \u00e9 um evento organizado pela quandonde interven\u00e7\u00f5es urbanas em arte (projeto de pesquisa \u201cArte e Espa\u00e7o P\u00fablico: uma discuss\u00e3o no meio da rua\u201d Universidade Estadual do Paran\u00e1 \u2013 UNESPAR\/FAP) e pelo LATECRE (Departamento de Geografia da Universidade Federal\u00a0 do Paran\u00e1 \u2013 UFPR). O evento ser\u00e1 realizado [&hellip;]<\/p>\n","protected":false},"author":8,"featured_media":2304,"comment_status":"open","ping_status":"open","sticky":false,"template":"","format":"standard","meta":{"_acf_changed":false,"footnotes":""},"categories":[1],"tags":[],"class_list":["post-2303","post","type-post","status-publish","format-standard","has-post-thumbnail","hentry","category-sem-categoria"],"acf":[],"_links":{"self":[{"href":"https:\/\/pos.uel.br\/ppgsoc\/wp-json\/wp\/v2\/posts\/2303","targetHints":{"allow":["GET"]}}],"collection":[{"href":"https:\/\/pos.uel.br\/ppgsoc\/wp-json\/wp\/v2\/posts"}],"about":[{"href":"https:\/\/pos.uel.br\/ppgsoc\/wp-json\/wp\/v2\/types\/post"}],"author":[{"embeddable":true,"href":"https:\/\/pos.uel.br\/ppgsoc\/wp-json\/wp\/v2\/users\/8"}],"replies":[{"embeddable":true,"href":"https:\/\/pos.uel.br\/ppgsoc\/wp-json\/wp\/v2\/comments?post=2303"}],"version-history":[{"count":1,"href":"https:\/\/pos.uel.br\/ppgsoc\/wp-json\/wp\/v2\/posts\/2303\/revisions"}],"predecessor-version":[{"id":2305,"href":"https:\/\/pos.uel.br\/ppgsoc\/wp-json\/wp\/v2\/posts\/2303\/revisions\/2305"}],"wp:featuredmedia":[{"embeddable":true,"href":"https:\/\/pos.uel.br\/ppgsoc\/wp-json\/wp\/v2\/media\/2304"}],"wp:attachment":[{"href":"https:\/\/pos.uel.br\/ppgsoc\/wp-json\/wp\/v2\/media?parent=2303"}],"wp:term":[{"taxonomy":"category","embeddable":true,"href":"https:\/\/pos.uel.br\/ppgsoc\/wp-json\/wp\/v2\/categories?post=2303"},{"taxonomy":"post_tag","embeddable":true,"href":"https:\/\/pos.uel.br\/ppgsoc\/wp-json\/wp\/v2\/tags?post=2303"}],"curies":[{"name":"wp","href":"https:\/\/api.w.org\/{rel}","templated":true}]}}