{"id":2298,"date":"2022-02-23T09:43:50","date_gmt":"2022-02-23T12:43:50","guid":{"rendered":"https:\/\/pos.uel.br\/ppgsoc\/?p=2298"},"modified":"2022-02-23T09:43:51","modified_gmt":"2022-02-23T12:43:51","slug":"chamada-de-textos-revista-perspectivas-sociais","status":"publish","type":"post","link":"https:\/\/pos.uel.br\/ppgsoc\/sem-categoria\/2022\/02\/23\/chamada-de-textos-revista-perspectivas-sociais\/","title":{"rendered":"Chamada de textos: Revista Perspectivas Sociais"},"content":{"rendered":"\n<p>A Revista Perspectivas Sociais, ISSN: 2317-7438, informa que est\u00e1 recebendo textos acad\u00eamicos at\u00e9 o dia 31 de mar\u00e7o de 2022, para compor a primeira edi\u00e7\u00e3o deste ano, com publica\u00e7\u00e3o prevista para maio.<\/p>\n\n\n\n<p>A revista recebe trabalhos vinculados \u00e0 \u00e1rea das Ci\u00eancias Sociais e afins. Para a submiss\u00e3o dos trabalhos, a titula\u00e7\u00e3o m\u00ednima \u00e9 de mestrando\/a (graduados\/as e graduandos\/as podem submeter trabalhos, desde que em coautoria).<\/p>\n\n\n\n<div class=\"wp-block-image\"><figure class=\"aligncenter size-large is-resized\"><img loading=\"lazy\" decoding=\"async\" src=\"https:\/\/pos.uel.br\/ppgsoc\/wp-content\/uploads\/2022\/02\/Divulgacao-de-submissoes-1024x1024.jpeg\" alt=\"\" class=\"wp-image-2299\" width=\"458\" height=\"458\" srcset=\"https:\/\/pos.uel.br\/ppgsoc\/wp-content\/uploads\/2022\/02\/Divulgacao-de-submissoes-1024x1024.jpeg 1024w, https:\/\/pos.uel.br\/ppgsoc\/wp-content\/uploads\/2022\/02\/Divulgacao-de-submissoes-300x300.jpeg 300w, https:\/\/pos.uel.br\/ppgsoc\/wp-content\/uploads\/2022\/02\/Divulgacao-de-submissoes-150x150.jpeg 150w, https:\/\/pos.uel.br\/ppgsoc\/wp-content\/uploads\/2022\/02\/Divulgacao-de-submissoes-768x768.jpeg 768w, https:\/\/pos.uel.br\/ppgsoc\/wp-content\/uploads\/2022\/02\/Divulgacao-de-submissoes.jpeg 1080w\" sizes=\"auto, (max-width: 458px) 100vw, 458px\" \/><figcaption><em>Fonte: divulga\u00e7\u00e3o<\/em><\/figcaption><\/figure><\/div>\n\n\n\n<p>As normas para os escritos podem ser encontradas neste <a href=\"https:\/\/periodicos.ufpel.edu.br\/ojs2\/index.php\/percsoc\/about\/submissions#onlineSubmissions\">link<\/a>.<\/p>\n","protected":false},"excerpt":{"rendered":"<p>A Revista Perspectivas Sociais, ISSN: 2317-7438, informa que est\u00e1 recebendo textos acad\u00eamicos at\u00e9 o dia 31 de mar\u00e7o de 2022, para compor a primeira edi\u00e7\u00e3o deste ano, com publica\u00e7\u00e3o prevista para maio. A revista recebe trabalhos vinculados \u00e0 \u00e1rea das Ci\u00eancias Sociais e afins. Para a submiss\u00e3o dos trabalhos, a titula\u00e7\u00e3o m\u00ednima \u00e9 de mestrando\/a [&hellip;]<\/p>\n","protected":false},"author":8,"featured_media":2299,"comment_status":"open","ping_status":"open","sticky":false,"template":"","format":"standard","meta":{"_acf_changed":false,"footnotes":""},"categories":[1],"tags":[],"class_list":["post-2298","post","type-post","status-publish","format-standard","has-post-thumbnail","hentry","category-sem-categoria"],"acf":[],"_links":{"self":[{"href":"https:\/\/pos.uel.br\/ppgsoc\/wp-json\/wp\/v2\/posts\/2298","targetHints":{"allow":["GET"]}}],"collection":[{"href":"https:\/\/pos.uel.br\/ppgsoc\/wp-json\/wp\/v2\/posts"}],"about":[{"href":"https:\/\/pos.uel.br\/ppgsoc\/wp-json\/wp\/v2\/types\/post"}],"author":[{"embeddable":true,"href":"https:\/\/pos.uel.br\/ppgsoc\/wp-json\/wp\/v2\/users\/8"}],"replies":[{"embeddable":true,"href":"https:\/\/pos.uel.br\/ppgsoc\/wp-json\/wp\/v2\/comments?post=2298"}],"version-history":[{"count":1,"href":"https:\/\/pos.uel.br\/ppgsoc\/wp-json\/wp\/v2\/posts\/2298\/revisions"}],"predecessor-version":[{"id":2300,"href":"https:\/\/pos.uel.br\/ppgsoc\/wp-json\/wp\/v2\/posts\/2298\/revisions\/2300"}],"wp:featuredmedia":[{"embeddable":true,"href":"https:\/\/pos.uel.br\/ppgsoc\/wp-json\/wp\/v2\/media\/2299"}],"wp:attachment":[{"href":"https:\/\/pos.uel.br\/ppgsoc\/wp-json\/wp\/v2\/media?parent=2298"}],"wp:term":[{"taxonomy":"category","embeddable":true,"href":"https:\/\/pos.uel.br\/ppgsoc\/wp-json\/wp\/v2\/categories?post=2298"},{"taxonomy":"post_tag","embeddable":true,"href":"https:\/\/pos.uel.br\/ppgsoc\/wp-json\/wp\/v2\/tags?post=2298"}],"curies":[{"name":"wp","href":"https:\/\/api.w.org\/{rel}","templated":true}]}}