{"id":2222,"date":"2022-01-26T14:43:04","date_gmt":"2022-01-26T17:43:04","guid":{"rendered":"https:\/\/pos.uel.br\/ppgsoc\/?p=2222"},"modified":"2022-01-26T14:44:39","modified_gmt":"2022-01-26T17:44:39","slug":"lancamento-virtual-colecao-planejamento-gestao-e-controle-social-de-politicas-publicas-por-mais-participacao-das-mulheres","status":"publish","type":"post","link":"https:\/\/pos.uel.br\/ppgsoc\/sem-categoria\/2022\/01\/26\/lancamento-virtual-colecao-planejamento-gestao-e-controle-social-de-politicas-publicas-por-mais-participacao-das-mulheres\/","title":{"rendered":"Lan\u00e7amento virtual: Cole\u00e7\u00e3o Planejamento, Gest\u00e3o e Controle Social de Pol\u00edticas P\u00fablicas: por mais participa\u00e7\u00e3o das mulheres"},"content":{"rendered":"\n<p>Ser\u00e1 realizado no dia 03 de fevereiro de 2022, \u00e0s 15h, o lan\u00e7amento virtual da <strong>Cole\u00e7\u00e3o Planejamento, Gest\u00e3o e Controle Social de Pol\u00edticas P\u00fablicas: por mais participa\u00e7\u00e3o das mulheres<\/strong>.<\/p>\n\n\n\n<p>O material \u00e9 uma realiza\u00e7\u00e3o do Grupo de Estudos G\u00eanero, Corporalidades, Direitos Humanos e Pol\u00edticas P\u00fablicas (GEPOP) e do Projeto de Extens\u00e3o Mulheres Construindo Democracia (MCD), vinculados ao Departamento de Ci\u00eancias Sociais da Universidade Estadual de Londrina, com o apoio do Conselho Municipal dos Direitos da Mulher de Londrina (CMDM) e da Secretaria de Pol\u00edticas para as Mulheres de Londrina (SMPM).<\/p>\n\n\n\n<p>O evento ocorrer\u00e1 pela Plataforma Zoom:<\/p>\n\n\n\n<p>As pessoas interessadas podem se inscrever antecipadamente <a href=\"https:\/\/us02web.zoom.us\/meeting\/register\/tZ0pd-CpqzwtHtPqxpvw2lUeuQSEuPXQOaGn\" target=\"_blank\" rel=\"noreferrer noopener\">aqui<\/a>.<a href=\"\"><\/a><\/p>\n\n\n\n<p>Ap\u00f3s a inscri\u00e7\u00e3o, \u00e9 enviado um e-mail de confirma\u00e7\u00e3o contendo informa\u00e7\u00f5es sobre como participar do evento.<\/p>\n\n\n\n<div class=\"wp-block-image\"><figure class=\"aligncenter size-large is-resized\"><img loading=\"lazy\" decoding=\"async\" src=\"https:\/\/pos.uel.br\/ppgsoc\/wp-content\/uploads\/2022\/01\/Lancamento-Cartilhas-1024x1024.png\" alt=\"\" class=\"wp-image-2224\" width=\"379\" height=\"379\" srcset=\"https:\/\/pos.uel.br\/ppgsoc\/wp-content\/uploads\/2022\/01\/Lancamento-Cartilhas-1024x1024.png 1024w, https:\/\/pos.uel.br\/ppgsoc\/wp-content\/uploads\/2022\/01\/Lancamento-Cartilhas-300x300.png 300w, https:\/\/pos.uel.br\/ppgsoc\/wp-content\/uploads\/2022\/01\/Lancamento-Cartilhas-150x150.png 150w, https:\/\/pos.uel.br\/ppgsoc\/wp-content\/uploads\/2022\/01\/Lancamento-Cartilhas-768x768.png 768w, https:\/\/pos.uel.br\/ppgsoc\/wp-content\/uploads\/2022\/01\/Lancamento-Cartilhas.png 1080w\" sizes=\"auto, (max-width: 379px) 100vw, 379px\" \/><figcaption><em>Divulga\u00e7\u00e3o<\/em><\/figcaption><\/figure><\/div>\n\n\n\n<p><strong>A Cole\u00e7\u00e3o<\/strong><\/p>\n\n\n\n<p>A cole\u00e7\u00e3o <strong>Planejamento, gest\u00e3o e controle social de pol\u00edticas p\u00fablicas: por mais participa\u00e7\u00e3o das mulheres<\/strong>\u00e9 resultado de importantes trocas e reflex\u00f5es que ocorreram durante a realiza\u00e7\u00e3o do Curso Planejamento, Gest\u00e3o e Controle Social de Pol\u00edticas P\u00fablicas.<\/p>\n\n\n\n<p>Este curso visou oferecer forma\u00e7\u00e3o para o exerc\u00edcio do controle social em pol\u00edticas p\u00fablicas com perspectiva de g\u00eanero e interseccional, dirigida a conselheiras, conselheiros e demais pessoas interessadas nas pr\u00e1ticas da participa\u00e7\u00e3o democr\u00e1tica e do controle social cidad\u00e3o.<\/p>\n\n\n\n<p>Cada um dos n\u00fameros que comp\u00f5e a cole\u00e7\u00e3o foi elaborado a partir dos debates e constru\u00e7\u00f5es que se desenvolveram ao longo do curso e que estimulou \u00e0 produ\u00e7\u00e3o deste material com o intuito de contribuir para sua replicabilidade.<\/p>\n\n\n\n<p>A cole\u00e7\u00e3o possui tr\u00eas volumes, sendo:<\/p>\n\n\n\n<p>Volume 1: <strong><a href=\"https:\/\/issuu.com\/mulheresconstruindodemocracia\/docs\/mulheres_pol_ticas-p_blicas_volume1?mode=window\" data-type=\"URL\" data-id=\"https:\/\/issuu.com\/mulheresconstruindodemocracia\/docs\/mulheres_pol_ticas-p_blicas_volume1?mode=window\" target=\"_blank\" rel=\"noreferrer noopener\">Pol\u00edticas P\u00fablicas, Transversalidade de G\u00eanero e Interseccionalidade<\/a><\/strong> \u2013 Autora: Layla Pedreira Carvalho<\/p>\n\n\n\n<p>Volume 2: <strong><a href=\"https:\/\/issuu.com\/mulheresconstruindodemocracia\/docs\/mulheres_pol_ticas-p_blicas_volume2?mode=window\" data-type=\"URL\" data-id=\"https:\/\/issuu.com\/mulheresconstruindodemocracia\/docs\/mulheres_pol_ticas-p_blicas_volume2?mode=window\" target=\"_blank\" rel=\"noreferrer noopener\">Pol\u00edticas p\u00fablicas e participa\u00e7\u00e3o das mulheres<\/a><\/strong> \u2013 Autoras: Silvana Mariano e Beatriz Molari<\/p>\n\n\n\n<p>Volume 3: <strong><a rel=\"noreferrer noopener\" href=\"https:\/\/issuu.com\/mulheresconstruindodemocracia\/docs\/mulheres_pol_ticas-p_blicas_volume3_1_?mode=window\" target=\"_blank\">Instrumentos de planejamento, gest\u00e3o e monitoramento de pol\u00edticas p\u00fablicas<\/a><\/strong> \u2013 Autoras: Darling Silvia Maffato Genvigir, Elaine Galv\u00e3o e Rosangela Portella Teruel<\/p>\n\n\n\n<p>Trata-se de um material que oferece uma refer\u00eancia b\u00e1sica para realiza\u00e7\u00e3o de cursos correlatos em outros espa\u00e7os e lugares pelo Brasil. Com essa publica\u00e7\u00e3o, as autoras esperam colaborar para que novas trocas sejam realizadas, permitindo que cada vez mais, cidad\u00e3s e cidad\u00e3os, especialmente as mulheres, participem da vida p\u00fablica, exer\u00e7am o controle social das pol\u00edticas p\u00fablicas e colaborem para a constru\u00e7\u00e3o democr\u00e1tica.<\/p>\n","protected":false},"excerpt":{"rendered":"<p>Ser\u00e1 realizado no dia 03 de fevereiro de 2022, \u00e0s 15h, o lan\u00e7amento virtual da Cole\u00e7\u00e3o Planejamento, Gest\u00e3o e Controle Social de Pol\u00edticas P\u00fablicas: por mais participa\u00e7\u00e3o das mulheres. O material \u00e9 uma realiza\u00e7\u00e3o do Grupo de Estudos G\u00eanero, Corporalidades, Direitos Humanos e Pol\u00edticas P\u00fablicas (GEPOP) e do Projeto de Extens\u00e3o Mulheres Construindo Democracia (MCD), [&hellip;]<\/p>\n","protected":false},"author":8,"featured_media":2224,"comment_status":"open","ping_status":"open","sticky":false,"template":"","format":"standard","meta":{"_acf_changed":false,"footnotes":""},"categories":[1],"tags":[],"class_list":["post-2222","post","type-post","status-publish","format-standard","has-post-thumbnail","hentry","category-sem-categoria"],"acf":[],"_links":{"self":[{"href":"https:\/\/pos.uel.br\/ppgsoc\/wp-json\/wp\/v2\/posts\/2222","targetHints":{"allow":["GET"]}}],"collection":[{"href":"https:\/\/pos.uel.br\/ppgsoc\/wp-json\/wp\/v2\/posts"}],"about":[{"href":"https:\/\/pos.uel.br\/ppgsoc\/wp-json\/wp\/v2\/types\/post"}],"author":[{"embeddable":true,"href":"https:\/\/pos.uel.br\/ppgsoc\/wp-json\/wp\/v2\/users\/8"}],"replies":[{"embeddable":true,"href":"https:\/\/pos.uel.br\/ppgsoc\/wp-json\/wp\/v2\/comments?post=2222"}],"version-history":[{"count":2,"href":"https:\/\/pos.uel.br\/ppgsoc\/wp-json\/wp\/v2\/posts\/2222\/revisions"}],"predecessor-version":[{"id":2226,"href":"https:\/\/pos.uel.br\/ppgsoc\/wp-json\/wp\/v2\/posts\/2222\/revisions\/2226"}],"wp:featuredmedia":[{"embeddable":true,"href":"https:\/\/pos.uel.br\/ppgsoc\/wp-json\/wp\/v2\/media\/2224"}],"wp:attachment":[{"href":"https:\/\/pos.uel.br\/ppgsoc\/wp-json\/wp\/v2\/media?parent=2222"}],"wp:term":[{"taxonomy":"category","embeddable":true,"href":"https:\/\/pos.uel.br\/ppgsoc\/wp-json\/wp\/v2\/categories?post=2222"},{"taxonomy":"post_tag","embeddable":true,"href":"https:\/\/pos.uel.br\/ppgsoc\/wp-json\/wp\/v2\/tags?post=2222"}],"curies":[{"name":"wp","href":"https:\/\/api.w.org\/{rel}","templated":true}]}}