{"id":2208,"date":"2022-01-19T12:08:53","date_gmt":"2022-01-19T15:08:53","guid":{"rendered":"https:\/\/pos.uel.br\/ppgsoc\/?p=2208"},"modified":"2022-01-19T12:08:55","modified_gmt":"2022-01-19T15:08:55","slug":"publicacao-de-dossie-ciencias-sociais-computacionais-um-novo-paradigma-para-as-ciencias-sociais","status":"publish","type":"post","link":"https:\/\/pos.uel.br\/ppgsoc\/sem-categoria\/2022\/01\/19\/publicacao-de-dossie-ciencias-sociais-computacionais-um-novo-paradigma-para-as-ciencias-sociais\/","title":{"rendered":"Publica\u00e7\u00e3o de dossi\u00ea: Ci\u00eancias Sociais Computacionais: um novo paradigma para as Ci\u00eancias Sociais?"},"content":{"rendered":"\n<p>Foi publicado, no dia 15 de janeiro, pela Revista Simbi\u00f3tica, do Programa de P\u00f3s-Gradua\u00e7\u00e3o em Ci\u00eancias Sociais da Universidade Federal do Esp\u00edrito Santo o dossi\u00ea &#8220;Ci\u00eancias Sociais Computacionais: um novo paradigma para as Ci\u00eancias Sociais?&#8221;.<\/p>\n\n\n\n<p>A composi\u00e7\u00e3o do dossi\u00ea pauta quest\u00f5es epist\u00eamicas que se prop\u00f5em a pensar criticamente as pesquisas de Ci\u00eancias Sociais Computacionais, seja em termos emp\u00edricos ou te\u00f3ricos. Acesse aqui o <a href=\"https:\/\/periodicos.ufes.br\/simbiotica\/issue\/view\/1412\" data-type=\"URL\" data-id=\"https:\/\/periodicos.ufes.br\/simbiotica\/issue\/view\/1412\" target=\"_blank\" rel=\"noreferrer noopener\">dossi\u00ea<\/a>.<\/p>\n\n\n\n<div class=\"wp-block-image\"><figure class=\"aligncenter size-full is-resized\"><img loading=\"lazy\" decoding=\"async\" src=\"https:\/\/pos.uel.br\/ppgsoc\/wp-content\/uploads\/2022\/01\/cover_issue_1412_pt_BR.jpg\" alt=\"\" class=\"wp-image-2209\" width=\"292\" height=\"415\" srcset=\"https:\/\/pos.uel.br\/ppgsoc\/wp-content\/uploads\/2022\/01\/cover_issue_1412_pt_BR.jpg 596w, https:\/\/pos.uel.br\/ppgsoc\/wp-content\/uploads\/2022\/01\/cover_issue_1412_pt_BR-211x300.jpg 211w\" sizes=\"auto, (max-width: 292px) 100vw, 292px\" \/><\/figure><\/div>\n\n\n\n<p><\/p>\n\n\n\n<p>Dentre os autores e autoras dos artigos que comp\u00f5em o dossi\u00ea, est\u00e3o o Prof. Dr. Ronaldo Baltar e a Profa. Dra. Claudia Siqueira Baltar,  ambos do Programa de P\u00f3s-gradua\u00e7\u00e3o em Sociologia da Universidade Estadual de Londrina. O professor e a professora s\u00e3o autores do artigo &#8220;Reflex\u00f5es sobre os percursos metodol\u00f3gicos em ci\u00eancia social computacional&#8221;, que pode ser acessado <a href=\"https:\/\/periodicos.ufes.br\/simbiotica\/article\/view\/37345\" data-type=\"URL\" data-id=\"https:\/\/periodicos.ufes.br\/simbiotica\/article\/view\/37345\" target=\"_blank\" rel=\"noreferrer noopener\">aqui<\/a>.<\/p>\n","protected":false},"excerpt":{"rendered":"<p>Foi publicado, no dia 15 de janeiro, pela Revista Simbi\u00f3tica, do Programa de P\u00f3s-Gradua\u00e7\u00e3o em Ci\u00eancias Sociais da Universidade Federal do Esp\u00edrito Santo o dossi\u00ea &#8220;Ci\u00eancias Sociais Computacionais: um novo paradigma para as Ci\u00eancias Sociais?&#8221;. A composi\u00e7\u00e3o do dossi\u00ea pauta quest\u00f5es epist\u00eamicas que se prop\u00f5em a pensar criticamente as pesquisas de Ci\u00eancias Sociais Computacionais, seja [&hellip;]<\/p>\n","protected":false},"author":8,"featured_media":2209,"comment_status":"open","ping_status":"open","sticky":false,"template":"","format":"standard","meta":{"_acf_changed":false,"footnotes":""},"categories":[1],"tags":[],"class_list":["post-2208","post","type-post","status-publish","format-standard","has-post-thumbnail","hentry","category-sem-categoria"],"acf":[],"_links":{"self":[{"href":"https:\/\/pos.uel.br\/ppgsoc\/wp-json\/wp\/v2\/posts\/2208","targetHints":{"allow":["GET"]}}],"collection":[{"href":"https:\/\/pos.uel.br\/ppgsoc\/wp-json\/wp\/v2\/posts"}],"about":[{"href":"https:\/\/pos.uel.br\/ppgsoc\/wp-json\/wp\/v2\/types\/post"}],"author":[{"embeddable":true,"href":"https:\/\/pos.uel.br\/ppgsoc\/wp-json\/wp\/v2\/users\/8"}],"replies":[{"embeddable":true,"href":"https:\/\/pos.uel.br\/ppgsoc\/wp-json\/wp\/v2\/comments?post=2208"}],"version-history":[{"count":1,"href":"https:\/\/pos.uel.br\/ppgsoc\/wp-json\/wp\/v2\/posts\/2208\/revisions"}],"predecessor-version":[{"id":2210,"href":"https:\/\/pos.uel.br\/ppgsoc\/wp-json\/wp\/v2\/posts\/2208\/revisions\/2210"}],"wp:featuredmedia":[{"embeddable":true,"href":"https:\/\/pos.uel.br\/ppgsoc\/wp-json\/wp\/v2\/media\/2209"}],"wp:attachment":[{"href":"https:\/\/pos.uel.br\/ppgsoc\/wp-json\/wp\/v2\/media?parent=2208"}],"wp:term":[{"taxonomy":"category","embeddable":true,"href":"https:\/\/pos.uel.br\/ppgsoc\/wp-json\/wp\/v2\/categories?post=2208"},{"taxonomy":"post_tag","embeddable":true,"href":"https:\/\/pos.uel.br\/ppgsoc\/wp-json\/wp\/v2\/tags?post=2208"}],"curies":[{"name":"wp","href":"https:\/\/api.w.org\/{rel}","templated":true}]}}