{"id":2103,"date":"2021-11-18T11:52:48","date_gmt":"2021-11-18T14:52:48","guid":{"rendered":"https:\/\/pos.uel.br\/ppgsoc\/?p=2103"},"modified":"2021-11-18T14:02:08","modified_gmt":"2021-11-18T17:02:08","slug":"nev-usp-realiza-i-seminario-nacional-o-impacto-do-crime-organizado-na-vida-de-criancas-e-adolescentes","status":"publish","type":"post","link":"https:\/\/pos.uel.br\/ppgsoc\/sem-categoria\/2021\/11\/18\/nev-usp-realiza-i-seminario-nacional-o-impacto-do-crime-organizado-na-vida-de-criancas-e-adolescentes\/","title":{"rendered":"NEV-USP realiza I Semin\u00e1rio Nacional: \u201cO impacto do crime organizado na vida de crian\u00e7as e adolescentes\u201d"},"content":{"rendered":"\n<p>De 16 de novembro a 16 de dezembro de 2021, o N\u00facleo de Estudos da Viol\u00eancia da Universidade de S\u00e3o Paulo (NEV-USP), realiza seu I Semin\u00e1rio Nacional, com o tema transversal \u201cO impacto do crime organizado na vida de crian\u00e7as e adolescentes\u201d.<br><\/p>\n\n\n\n<p>Ser\u00e3o realizadas diversas mesas de debates ao longo do ciclo, em grande maioria \u00e0s segundas e quintas-feiras, sempre \u00e0s 18h, com transmiss\u00e3o online pelo canal do NEV no <a href=\"http:\/\/youtube.com\/nevuspvideos\">Youtube<\/a>.&nbsp;<\/p>\n\n\n\n<p>No dia 13 de dezembro, \u00e0s 18h o tema discutido ser\u00e1 &#8220;O impacto do crime organizado na vida de crian\u00e7as e adolescentes Sul do Brasil&#8221; e contar\u00e1 com a presen\u00e7a dos pesquisadores Mariana Chies (NEV-USP) e Anderson Alexandre Ferreira (LEGS-UEL), e a media\u00e7\u00e3o de Bruno Paes Manso (NEV-USP).<br><\/p>\n\n\n\n<figure class=\"wp-block-image size-large\"><a href=\"https:\/\/nev.prp.usp.br\/projetos\/projetos-especiais\/nev-oms\/\"><img loading=\"lazy\" decoding=\"async\" width=\"1024\" height=\"1024\" src=\"https:\/\/pos.uel.br\/ppgsoc\/wp-content\/uploads\/2021\/11\/O-impacto-do-crime-organizado-na-vida-de-criancas-e-adolescentes-1-1024x1024.jpeg\" alt=\"\" class=\"wp-image-2104\" srcset=\"https:\/\/pos.uel.br\/ppgsoc\/wp-content\/uploads\/2021\/11\/O-impacto-do-crime-organizado-na-vida-de-criancas-e-adolescentes-1-1024x1024.jpeg 1024w, https:\/\/pos.uel.br\/ppgsoc\/wp-content\/uploads\/2021\/11\/O-impacto-do-crime-organizado-na-vida-de-criancas-e-adolescentes-1-300x300.jpeg 300w, https:\/\/pos.uel.br\/ppgsoc\/wp-content\/uploads\/2021\/11\/O-impacto-do-crime-organizado-na-vida-de-criancas-e-adolescentes-1-150x150.jpeg 150w, https:\/\/pos.uel.br\/ppgsoc\/wp-content\/uploads\/2021\/11\/O-impacto-do-crime-organizado-na-vida-de-criancas-e-adolescentes-1-768x768.jpeg 768w, https:\/\/pos.uel.br\/ppgsoc\/wp-content\/uploads\/2021\/11\/O-impacto-do-crime-organizado-na-vida-de-criancas-e-adolescentes-1.jpeg 1080w\" sizes=\"auto, (max-width: 1024px) 100vw, 1024px\" \/><\/a><\/figure>\n\n\n\n<p>Para mais informa\u00e7\u00f5es acesse: https:\/\/nev.prp.usp.br\/projetos\/projetos-especiais\/nev-oms\/.<\/p>\n","protected":false},"excerpt":{"rendered":"<p>De 16 de novembro a 16 de dezembro de 2021, o N\u00facleo de Estudos da Viol\u00eancia da Universidade de S\u00e3o Paulo (NEV-USP), realiza seu I Semin\u00e1rio Nacional, com o tema transversal \u201cO impacto do crime organizado na vida de crian\u00e7as e adolescentes\u201d. Ser\u00e3o realizadas diversas mesas de debates ao longo do ciclo, em grande maioria [&hellip;]<\/p>\n","protected":false},"author":8,"featured_media":2104,"comment_status":"open","ping_status":"open","sticky":false,"template":"","format":"standard","meta":{"_acf_changed":false,"footnotes":""},"categories":[1],"tags":[],"class_list":["post-2103","post","type-post","status-publish","format-standard","has-post-thumbnail","hentry","category-sem-categoria"],"acf":[],"_links":{"self":[{"href":"https:\/\/pos.uel.br\/ppgsoc\/wp-json\/wp\/v2\/posts\/2103","targetHints":{"allow":["GET"]}}],"collection":[{"href":"https:\/\/pos.uel.br\/ppgsoc\/wp-json\/wp\/v2\/posts"}],"about":[{"href":"https:\/\/pos.uel.br\/ppgsoc\/wp-json\/wp\/v2\/types\/post"}],"author":[{"embeddable":true,"href":"https:\/\/pos.uel.br\/ppgsoc\/wp-json\/wp\/v2\/users\/8"}],"replies":[{"embeddable":true,"href":"https:\/\/pos.uel.br\/ppgsoc\/wp-json\/wp\/v2\/comments?post=2103"}],"version-history":[{"count":2,"href":"https:\/\/pos.uel.br\/ppgsoc\/wp-json\/wp\/v2\/posts\/2103\/revisions"}],"predecessor-version":[{"id":2106,"href":"https:\/\/pos.uel.br\/ppgsoc\/wp-json\/wp\/v2\/posts\/2103\/revisions\/2106"}],"wp:featuredmedia":[{"embeddable":true,"href":"https:\/\/pos.uel.br\/ppgsoc\/wp-json\/wp\/v2\/media\/2104"}],"wp:attachment":[{"href":"https:\/\/pos.uel.br\/ppgsoc\/wp-json\/wp\/v2\/media?parent=2103"}],"wp:term":[{"taxonomy":"category","embeddable":true,"href":"https:\/\/pos.uel.br\/ppgsoc\/wp-json\/wp\/v2\/categories?post=2103"},{"taxonomy":"post_tag","embeddable":true,"href":"https:\/\/pos.uel.br\/ppgsoc\/wp-json\/wp\/v2\/tags?post=2103"}],"curies":[{"name":"wp","href":"https:\/\/api.w.org\/{rel}","templated":true}]}}