{"id":2090,"date":"2021-11-10T16:59:48","date_gmt":"2021-11-10T19:59:48","guid":{"rendered":"https:\/\/pos.uel.br\/ppgsoc\/?p=2090"},"modified":"2021-11-10T17:00:15","modified_gmt":"2021-11-10T20:00:15","slug":"abertas-as-inscricoes-para-o-13-encontro-da-associacao-brasileira-de-ciencia-politica","status":"publish","type":"post","link":"https:\/\/pos.uel.br\/ppgsoc\/sem-categoria\/2021\/11\/10\/abertas-as-inscricoes-para-o-13-encontro-da-associacao-brasileira-de-ciencia-politica\/","title":{"rendered":"Abertas as inscri\u00e7\u00f5es para o 13\u00b0 Encontro da Associa\u00e7\u00e3o Brasileira de Ci\u00eancia Pol\u00edtica"},"content":{"rendered":"\n<figure class=\"wp-block-image size-large\"><a href=\"https:\/\/cienciapolitica.org.br\/web\/eventos\/13deg-encontro-abcp\"><img loading=\"lazy\" decoding=\"async\" width=\"1024\" height=\"1024\" src=\"https:\/\/pos.uel.br\/ppgsoc\/wp-content\/uploads\/2021\/11\/AT-PP-1024x1024.jpeg\" alt=\"\" class=\"wp-image-2091\" srcset=\"https:\/\/pos.uel.br\/ppgsoc\/wp-content\/uploads\/2021\/11\/AT-PP-1024x1024.jpeg 1024w, https:\/\/pos.uel.br\/ppgsoc\/wp-content\/uploads\/2021\/11\/AT-PP-300x300.jpeg 300w, https:\/\/pos.uel.br\/ppgsoc\/wp-content\/uploads\/2021\/11\/AT-PP-150x150.jpeg 150w, https:\/\/pos.uel.br\/ppgsoc\/wp-content\/uploads\/2021\/11\/AT-PP-768x768.jpeg 768w, https:\/\/pos.uel.br\/ppgsoc\/wp-content\/uploads\/2021\/11\/AT-PP.jpeg 1080w\" sizes=\"auto, (max-width: 1024px) 100vw, 1024px\" \/><\/a><\/figure>\n\n\n\n<p>Est\u00e3o abertas as inscri\u00e7\u00f5es para o 13\u00b0 Encontro da Associa\u00e7\u00e3o Brasileira de Ci\u00eancia Pol\u00edtica! <\/p>\n\n\n\n<p>O prazo para submiss\u00e3o de trabalhos vai at\u00e9 15\/12. Chamada completa voc\u00ea encontra no site da ABCP. A \u00c1rea Tem\u00e1tica Participa\u00e7\u00e3o Pol\u00edtica \u00e9 coordenada por Debora Almeida (UnB) e Carla Almeida (UEM-UEL). <\/p>\n\n\n\n<p>Confiram a ementa, enviem seus trabalhos!<\/p>\n\n\n\n<p>site do evento: \u00a0<a rel=\"noreferrer noopener\" href=\"https:\/\/cienciapolitica.org.br\/web\/eventos\/13deg-encontro-abcp\" target=\"_blank\">https:\/\/cienciapolitica.org.br\/web\/eventos\/13deg-encontro-abcp<\/a><\/p>\n","protected":false},"excerpt":{"rendered":"<p>Est\u00e3o abertas as inscri\u00e7\u00f5es para o 13\u00b0 Encontro da Associa\u00e7\u00e3o Brasileira de Ci\u00eancia Pol\u00edtica! O prazo para submiss\u00e3o de trabalhos vai at\u00e9 15\/12. Chamada completa voc\u00ea encontra no site da ABCP. A \u00c1rea Tem\u00e1tica Participa\u00e7\u00e3o Pol\u00edtica \u00e9 coordenada por Debora Almeida (UnB) e Carla Almeida (UEM-UEL). Confiram a ementa, enviem seus trabalhos! site do evento: [&hellip;]<\/p>\n","protected":false},"author":8,"featured_media":2091,"comment_status":"open","ping_status":"open","sticky":false,"template":"","format":"standard","meta":{"_acf_changed":false,"footnotes":""},"categories":[1],"tags":[],"class_list":["post-2090","post","type-post","status-publish","format-standard","has-post-thumbnail","hentry","category-sem-categoria"],"acf":[],"_links":{"self":[{"href":"https:\/\/pos.uel.br\/ppgsoc\/wp-json\/wp\/v2\/posts\/2090","targetHints":{"allow":["GET"]}}],"collection":[{"href":"https:\/\/pos.uel.br\/ppgsoc\/wp-json\/wp\/v2\/posts"}],"about":[{"href":"https:\/\/pos.uel.br\/ppgsoc\/wp-json\/wp\/v2\/types\/post"}],"author":[{"embeddable":true,"href":"https:\/\/pos.uel.br\/ppgsoc\/wp-json\/wp\/v2\/users\/8"}],"replies":[{"embeddable":true,"href":"https:\/\/pos.uel.br\/ppgsoc\/wp-json\/wp\/v2\/comments?post=2090"}],"version-history":[{"count":1,"href":"https:\/\/pos.uel.br\/ppgsoc\/wp-json\/wp\/v2\/posts\/2090\/revisions"}],"predecessor-version":[{"id":2092,"href":"https:\/\/pos.uel.br\/ppgsoc\/wp-json\/wp\/v2\/posts\/2090\/revisions\/2092"}],"wp:featuredmedia":[{"embeddable":true,"href":"https:\/\/pos.uel.br\/ppgsoc\/wp-json\/wp\/v2\/media\/2091"}],"wp:attachment":[{"href":"https:\/\/pos.uel.br\/ppgsoc\/wp-json\/wp\/v2\/media?parent=2090"}],"wp:term":[{"taxonomy":"category","embeddable":true,"href":"https:\/\/pos.uel.br\/ppgsoc\/wp-json\/wp\/v2\/categories?post=2090"},{"taxonomy":"post_tag","embeddable":true,"href":"https:\/\/pos.uel.br\/ppgsoc\/wp-json\/wp\/v2\/tags?post=2090"}],"curies":[{"name":"wp","href":"https:\/\/api.w.org\/{rel}","templated":true}]}}