{"id":2073,"date":"2021-11-04T16:06:22","date_gmt":"2021-11-04T19:06:22","guid":{"rendered":"https:\/\/pos.uel.br\/ppgsoc\/?p=2073"},"modified":"2021-12-07T08:25:22","modified_gmt":"2021-12-07T11:25:22","slug":"prorrogacao-da-submissao-de-resumos-x-seminario-fluminense-de-sociologia","status":"publish","type":"post","link":"https:\/\/pos.uel.br\/ppgsoc\/sem-categoria\/2021\/11\/04\/prorrogacao-da-submissao-de-resumos-x-seminario-fluminense-de-sociologia\/","title":{"rendered":"Semin\u00e1rio Fluminense de Sociologia &#8211; prazo de submiss\u00e3o prorrogado"},"content":{"rendered":"\n<p><\/p>\n\n\n\n<p>O X Semin\u00e1rio Fluminense de Sociologia, organizado pelo Programa de P\u00f3s-Gradua\u00e7\u00e3o em Sociologia da Universidade Federal Fluminense,&nbsp;<strong>ampliou o prazo para submiss\u00e3o de resumos<\/strong>&nbsp;aos grupos tem\u00e1ticos. Os\/as interessados\/as em apresentar trabalhos no evento podem enviar seus resumos at\u00e9 o&nbsp;<strong>dia 08 de novembro.<\/strong><\/p>\n\n\n\n<div class=\"wp-block-image\"><figure class=\"aligncenter size-large is-resized\"><img decoding=\"async\" src=\"https:\/\/pos.uel.br\/ppgsoc\/wp-content\/uploads\/2021\/11\/unnamed-3-649x1024.png\" alt=\"\" class=\"wp-image-2079\" width=\"-136\" height=\"-214\" srcset=\"https:\/\/pos.uel.br\/ppgsoc\/wp-content\/uploads\/2021\/11\/unnamed-3-649x1024.png 649w, https:\/\/pos.uel.br\/ppgsoc\/wp-content\/uploads\/2021\/11\/unnamed-3-190x300.png 190w, https:\/\/pos.uel.br\/ppgsoc\/wp-content\/uploads\/2021\/11\/unnamed-3-768x1211.png 768w, https:\/\/pos.uel.br\/ppgsoc\/wp-content\/uploads\/2021\/11\/unnamed-3-974x1536.png 974w, https:\/\/pos.uel.br\/ppgsoc\/wp-content\/uploads\/2021\/11\/unnamed-3-1299x2048.png 1299w\" sizes=\"(max-width: 649px) 100vw, 649px\" \/><figcaption><em>Fonte: Divulga\u00e7\u00e3o.<\/em><\/figcaption><\/figure><\/div>\n\n\n\n<p>O evento online ser\u00e1 realizado entre os&nbsp;<strong>dias 30 de novembro e 03 de dezembro<\/strong>. Para informa\u00e7\u00f5es sobre os GT&#8217;s, regras de submiss\u00e3o e inscri\u00e7\u00f5es, acessem o <a href=\"https:\/\/doity.com.br\/x-seminario-fluminense-de-sociologia\" data-type=\"URL\" data-id=\"https:\/\/doity.com.br\/x-seminario-fluminense-de-sociologia\">site<\/a><a rel=\"noreferrer noopener\" href=\"https:\/\/doity.com.br\/x-seminario-fluminense-de-sociologia\" target=\"_blank\">.<\/a><\/p>\n\n\n\n<p><\/p>\n","protected":false},"excerpt":{"rendered":"<p>O X Semin\u00e1rio Fluminense de Sociologia, organizado pelo Programa de P\u00f3s-Gradua\u00e7\u00e3o em Sociologia da Universidade Federal Fluminense,&nbsp;ampliou o prazo para submiss\u00e3o de resumos&nbsp;aos grupos tem\u00e1ticos. Os\/as interessados\/as em apresentar trabalhos no evento podem enviar seus resumos at\u00e9 o&nbsp;dia 08 de novembro. O evento online ser\u00e1 realizado entre os&nbsp;dias 30 de novembro e 03 de dezembro. [&hellip;]<\/p>\n","protected":false},"author":8,"featured_media":2075,"comment_status":"open","ping_status":"open","sticky":false,"template":"","format":"standard","meta":{"_acf_changed":false,"footnotes":""},"categories":[1],"tags":[],"class_list":["post-2073","post","type-post","status-publish","format-standard","has-post-thumbnail","hentry","category-sem-categoria"],"acf":[],"_links":{"self":[{"href":"https:\/\/pos.uel.br\/ppgsoc\/wp-json\/wp\/v2\/posts\/2073","targetHints":{"allow":["GET"]}}],"collection":[{"href":"https:\/\/pos.uel.br\/ppgsoc\/wp-json\/wp\/v2\/posts"}],"about":[{"href":"https:\/\/pos.uel.br\/ppgsoc\/wp-json\/wp\/v2\/types\/post"}],"author":[{"embeddable":true,"href":"https:\/\/pos.uel.br\/ppgsoc\/wp-json\/wp\/v2\/users\/8"}],"replies":[{"embeddable":true,"href":"https:\/\/pos.uel.br\/ppgsoc\/wp-json\/wp\/v2\/comments?post=2073"}],"version-history":[{"count":3,"href":"https:\/\/pos.uel.br\/ppgsoc\/wp-json\/wp\/v2\/posts\/2073\/revisions"}],"predecessor-version":[{"id":2169,"href":"https:\/\/pos.uel.br\/ppgsoc\/wp-json\/wp\/v2\/posts\/2073\/revisions\/2169"}],"wp:featuredmedia":[{"embeddable":true,"href":"https:\/\/pos.uel.br\/ppgsoc\/wp-json\/wp\/v2\/media\/2075"}],"wp:attachment":[{"href":"https:\/\/pos.uel.br\/ppgsoc\/wp-json\/wp\/v2\/media?parent=2073"}],"wp:term":[{"taxonomy":"category","embeddable":true,"href":"https:\/\/pos.uel.br\/ppgsoc\/wp-json\/wp\/v2\/categories?post=2073"},{"taxonomy":"post_tag","embeddable":true,"href":"https:\/\/pos.uel.br\/ppgsoc\/wp-json\/wp\/v2\/tags?post=2073"}],"curies":[{"name":"wp","href":"https:\/\/api.w.org\/{rel}","templated":true}]}}