{"id":2069,"date":"2021-11-03T16:48:33","date_gmt":"2021-11-03T19:48:33","guid":{"rendered":"https:\/\/pos.uel.br\/ppgsoc\/?p=2069"},"modified":"2021-11-10T18:03:28","modified_gmt":"2021-11-10T21:03:28","slug":"xiv-ciclo-internacional-de-debates-sobre-desigualdades-sociais-trafico-de-pessoas-desigualdades-e-direitos-humanos-na-america-latina","status":"publish","type":"post","link":"https:\/\/pos.uel.br\/ppgsoc\/sem-categoria\/2021\/11\/03\/xiv-ciclo-internacional-de-debates-sobre-desigualdades-sociais-trafico-de-pessoas-desigualdades-e-direitos-humanos-na-america-latina\/","title":{"rendered":"XIV Ciclo internacional de debates sobre desigualdades sociais: tr\u00e1fico de pessoas, desigualdades e direitos humanos na Am\u00e9rica Latina"},"content":{"rendered":"\n<figure class=\"wp-block-image size-large\"><img loading=\"lazy\" decoding=\"async\" width=\"724\" height=\"1024\" src=\"https:\/\/pos.uel.br\/ppgsoc\/wp-content\/uploads\/2021\/11\/Cartaz-Mesa-3-1-724x1024.png\" alt=\"\" class=\"wp-image-2086\" srcset=\"https:\/\/pos.uel.br\/ppgsoc\/wp-content\/uploads\/2021\/11\/Cartaz-Mesa-3-1-724x1024.png 724w, https:\/\/pos.uel.br\/ppgsoc\/wp-content\/uploads\/2021\/11\/Cartaz-Mesa-3-1-212x300.png 212w, https:\/\/pos.uel.br\/ppgsoc\/wp-content\/uploads\/2021\/11\/Cartaz-Mesa-3-1-768x1086.png 768w, https:\/\/pos.uel.br\/ppgsoc\/wp-content\/uploads\/2021\/11\/Cartaz-Mesa-3-1-1086x1536.png 1086w, https:\/\/pos.uel.br\/ppgsoc\/wp-content\/uploads\/2021\/11\/Cartaz-Mesa-3-1-1448x2048.png 1448w, https:\/\/pos.uel.br\/ppgsoc\/wp-content\/uploads\/2021\/11\/Cartaz-Mesa-3-1.png 1587w\" sizes=\"auto, (max-width: 724px) 100vw, 724px\" \/><\/figure>\n\n\n\n<p>No dia 12 de novembro, no XIV Ciclo internacional de debates sobre desigualdades sociais, ocorrer\u00e1 a mesa 03 com o tema de &#8220;Tr\u00e1fico de pessoas na Am\u00e9rica Latina: medidas e combates&#8221;. <\/p>\n\n\n\n<p>A mesa ser\u00e1 transmitida pelo canal do LENPES\/UEL no Youtube das 14h \u00e0s 18h e contar\u00e1 com a presen\u00e7a de Isabel Cristina Gonz\u00e1lez Nieves, Rub\u00e9n H\u00e9ctor Donzis, Tamara Rosenberg, Mercedes Assorati e M\u00e9rcia Pereira.<\/p>\n\n\n\n<p>As inscri\u00e7\u00f5es para o evento com emiss\u00e3o de certificado devem ser feitas pelo site da PROEX-UEL.  <\/p>\n","protected":false},"excerpt":{"rendered":"<p>No dia 12 de novembro, no XIV Ciclo internacional de debates sobre desigualdades sociais, ocorrer\u00e1 a mesa 03 com o tema de &#8220;Tr\u00e1fico de pessoas na Am\u00e9rica Latina: medidas e combates&#8221;. A mesa ser\u00e1 transmitida pelo canal do LENPES\/UEL no Youtube das 14h \u00e0s 18h e contar\u00e1 com a presen\u00e7a de Isabel Cristina Gonz\u00e1lez Nieves, [&hellip;]<\/p>\n","protected":false},"author":8,"featured_media":2086,"comment_status":"open","ping_status":"open","sticky":false,"template":"","format":"standard","meta":{"_acf_changed":false,"footnotes":""},"categories":[1],"tags":[],"class_list":["post-2069","post","type-post","status-publish","format-standard","has-post-thumbnail","hentry","category-sem-categoria"],"acf":[],"_links":{"self":[{"href":"https:\/\/pos.uel.br\/ppgsoc\/wp-json\/wp\/v2\/posts\/2069","targetHints":{"allow":["GET"]}}],"collection":[{"href":"https:\/\/pos.uel.br\/ppgsoc\/wp-json\/wp\/v2\/posts"}],"about":[{"href":"https:\/\/pos.uel.br\/ppgsoc\/wp-json\/wp\/v2\/types\/post"}],"author":[{"embeddable":true,"href":"https:\/\/pos.uel.br\/ppgsoc\/wp-json\/wp\/v2\/users\/8"}],"replies":[{"embeddable":true,"href":"https:\/\/pos.uel.br\/ppgsoc\/wp-json\/wp\/v2\/comments?post=2069"}],"version-history":[{"count":4,"href":"https:\/\/pos.uel.br\/ppgsoc\/wp-json\/wp\/v2\/posts\/2069\/revisions"}],"predecessor-version":[{"id":2094,"href":"https:\/\/pos.uel.br\/ppgsoc\/wp-json\/wp\/v2\/posts\/2069\/revisions\/2094"}],"wp:featuredmedia":[{"embeddable":true,"href":"https:\/\/pos.uel.br\/ppgsoc\/wp-json\/wp\/v2\/media\/2086"}],"wp:attachment":[{"href":"https:\/\/pos.uel.br\/ppgsoc\/wp-json\/wp\/v2\/media?parent=2069"}],"wp:term":[{"taxonomy":"category","embeddable":true,"href":"https:\/\/pos.uel.br\/ppgsoc\/wp-json\/wp\/v2\/categories?post=2069"},{"taxonomy":"post_tag","embeddable":true,"href":"https:\/\/pos.uel.br\/ppgsoc\/wp-json\/wp\/v2\/tags?post=2069"}],"curies":[{"name":"wp","href":"https:\/\/api.w.org\/{rel}","templated":true}]}}