{"id":2039,"date":"2021-10-08T09:50:49","date_gmt":"2021-10-08T12:50:49","guid":{"rendered":"https:\/\/pos.uel.br\/ppgsoc\/?p=2039"},"modified":"2021-10-08T09:54:59","modified_gmt":"2021-10-08T12:54:59","slug":"mesa-redonda-trafico-de-pessoas-e-trabalho-escravo","status":"publish","type":"post","link":"https:\/\/pos.uel.br\/ppgsoc\/sem-categoria\/2021\/10\/08\/mesa-redonda-trafico-de-pessoas-e-trabalho-escravo\/","title":{"rendered":"Mesa redonda &#8220;Tr\u00e1fico de pessoas e trabalho escravo&#8221;"},"content":{"rendered":"\n<p>No dia 8 de outubro (sexta-feira), das 14h \u00e0s 18h, ser\u00e1 realizada a Mesa 2: &#8220;Tr\u00e1fico de pessoas e trabalho escravo&#8221;. A atividade integra o <strong>XIV Ciclo Internacional de Debates Sobre Desigualdade Sociais: Tr\u00e1fico de Pessoas, Desigualdades e Direitos Humanos na Am\u00e9rica Latina<\/strong> e ter\u00e1 a participa\u00e7\u00e3o de M\u00e9rcia Cardoso de Souza (Faculdade Luciano Feij\u00e3o, Sobral, CE) e Baruana Calados dos Santos (UEMG). A media\u00e7\u00e3o ser\u00e1 de Ligia Wilhelms Eras (Instituto Federal de Santa Catarina).<\/p>\n\n\n\n<div class=\"wp-block-image\"><figure class=\"aligncenter size-full is-resized\"><img loading=\"lazy\" decoding=\"async\" src=\"https:\/\/pos.uel.br\/ppgsoc\/wp-content\/uploads\/2021\/10\/unnamed.png\" alt=\"\" class=\"wp-image-2040\" width=\"370\" height=\"522\" srcset=\"https:\/\/pos.uel.br\/ppgsoc\/wp-content\/uploads\/2021\/10\/unnamed.png 628w, https:\/\/pos.uel.br\/ppgsoc\/wp-content\/uploads\/2021\/10\/unnamed-213x300.png 213w\" sizes=\"auto, (max-width: 370px) 100vw, 370px\" \/><figcaption><em>Divulga\u00e7\u00e3o<\/em><\/figcaption><\/figure><\/div>\n\n\n\n<p>Haver\u00e1 transmiss\u00e3o pelo canal do Lenpes\/UEL no YouTube: <a href=\"https:\/\/www.youtube.com\/channel\/UCdBS-Eop2KmYxUOV8F9S2mQ\/featured\" data-type=\"URL\" data-id=\"https:\/\/www.youtube.com\/channel\/UCdBS-Eop2KmYxUOV8F9S2mQ\/featured\" target=\"_blank\" rel=\"noreferrer noopener\">acesse aqui<\/a>.<\/p>\n\n\n\n<p><\/p>\n","protected":false},"excerpt":{"rendered":"<p>No dia 8 de outubro (sexta-feira), das 14h \u00e0s 18h, ser\u00e1 realizada a Mesa 2: &#8220;Tr\u00e1fico de pessoas e trabalho escravo&#8221;. A atividade integra o XIV Ciclo Internacional de Debates Sobre Desigualdade Sociais: Tr\u00e1fico de Pessoas, Desigualdades e Direitos Humanos na Am\u00e9rica Latina e ter\u00e1 a participa\u00e7\u00e3o de M\u00e9rcia Cardoso de Souza (Faculdade Luciano Feij\u00e3o, [&hellip;]<\/p>\n","protected":false},"author":8,"featured_media":2040,"comment_status":"open","ping_status":"open","sticky":false,"template":"","format":"standard","meta":{"_acf_changed":false,"footnotes":""},"categories":[1],"tags":[],"class_list":["post-2039","post","type-post","status-publish","format-standard","has-post-thumbnail","hentry","category-sem-categoria"],"acf":[],"_links":{"self":[{"href":"https:\/\/pos.uel.br\/ppgsoc\/wp-json\/wp\/v2\/posts\/2039","targetHints":{"allow":["GET"]}}],"collection":[{"href":"https:\/\/pos.uel.br\/ppgsoc\/wp-json\/wp\/v2\/posts"}],"about":[{"href":"https:\/\/pos.uel.br\/ppgsoc\/wp-json\/wp\/v2\/types\/post"}],"author":[{"embeddable":true,"href":"https:\/\/pos.uel.br\/ppgsoc\/wp-json\/wp\/v2\/users\/8"}],"replies":[{"embeddable":true,"href":"https:\/\/pos.uel.br\/ppgsoc\/wp-json\/wp\/v2\/comments?post=2039"}],"version-history":[{"count":2,"href":"https:\/\/pos.uel.br\/ppgsoc\/wp-json\/wp\/v2\/posts\/2039\/revisions"}],"predecessor-version":[{"id":2042,"href":"https:\/\/pos.uel.br\/ppgsoc\/wp-json\/wp\/v2\/posts\/2039\/revisions\/2042"}],"wp:featuredmedia":[{"embeddable":true,"href":"https:\/\/pos.uel.br\/ppgsoc\/wp-json\/wp\/v2\/media\/2040"}],"wp:attachment":[{"href":"https:\/\/pos.uel.br\/ppgsoc\/wp-json\/wp\/v2\/media?parent=2039"}],"wp:term":[{"taxonomy":"category","embeddable":true,"href":"https:\/\/pos.uel.br\/ppgsoc\/wp-json\/wp\/v2\/categories?post=2039"},{"taxonomy":"post_tag","embeddable":true,"href":"https:\/\/pos.uel.br\/ppgsoc\/wp-json\/wp\/v2\/tags?post=2039"}],"curies":[{"name":"wp","href":"https:\/\/api.w.org\/{rel}","templated":true}]}}