{"id":1900,"date":"2021-10-13T20:53:24","date_gmt":"2021-10-13T23:53:24","guid":{"rendered":"https:\/\/pos.uel.br\/ppgsoc\/?p=1900"},"modified":"2021-10-13T20:53:27","modified_gmt":"2021-10-13T23:53:27","slug":"iii-seminario-de-estudos-historicos-da-ufpr","status":"publish","type":"post","link":"https:\/\/pos.uel.br\/ppgsoc\/sem-categoria\/2021\/10\/13\/iii-seminario-de-estudos-historicos-da-ufpr\/","title":{"rendered":"III Semin\u00e1rio de Estudos Hist\u00f3ricos da UFPR"},"content":{"rendered":"\n<figure class=\"wp-block-image size-large\"><img loading=\"lazy\" decoding=\"async\" width=\"1019\" height=\"1024\" src=\"https:\/\/pos.uel.br\/ppgsoc\/wp-content\/uploads\/2021\/10\/III-SEH-UFPR-1019x1024.jpeg\" alt=\"\" class=\"wp-image-2043\" srcset=\"https:\/\/pos.uel.br\/ppgsoc\/wp-content\/uploads\/2021\/10\/III-SEH-UFPR-1019x1024.jpeg 1019w, https:\/\/pos.uel.br\/ppgsoc\/wp-content\/uploads\/2021\/10\/III-SEH-UFPR-300x300.jpeg 300w, https:\/\/pos.uel.br\/ppgsoc\/wp-content\/uploads\/2021\/10\/III-SEH-UFPR-150x150.jpeg 150w, https:\/\/pos.uel.br\/ppgsoc\/wp-content\/uploads\/2021\/10\/III-SEH-UFPR-768x772.jpeg 768w, https:\/\/pos.uel.br\/ppgsoc\/wp-content\/uploads\/2021\/10\/III-SEH-UFPR.jpeg 1078w\" sizes=\"auto, (max-width: 1019px) 100vw, 1019px\" \/><\/figure>\n\n\n\n<p>O III Semin\u00e1rio de Estudos Hist\u00f3ricos da UFPR ocorrer\u00e1 nos dias 03, 04 e 05 de novembro de 2021. <br><br>As inscri\u00e7\u00f5es para comunica\u00e7\u00f5es em Simp\u00f3sios Tem\u00e1ticos foi prorrogada at\u00e9 dia\u00a0<strong>15\/10\/2021.<\/strong><br>\u00a0<\/p>\n\n\n\n<p>O Semin\u00e1rio de Estudos Hist\u00f3ricos da Universidade Federal do Paran\u00e1 visa ampliar a oferta de espa\u00e7o de debates historiogr\u00e1ficos e de temas correlatos das Ci\u00eancias Humanas entre graduandos, p\u00f3s-graduandos, professores, pesquisadores e comunidade acad\u00eamica da UFPR e de outras IES, IFs e redes p\u00fablica e particular de Ensino B\u00e1sico a fim de colaborar com a discuss\u00e3o e difus\u00e3o de tem\u00e1ticas ligadas ao campo da Hist\u00f3ria e Humanidades, suas problem\u00e1ticas, possibilidades de abordagens te\u00f3rico-metodol\u00f3gicas e potenciais resultados dentro dos mais diversos recortes temporais.<\/p>\n\n\n\n<p>Ao final do evento haver\u00e1 publica\u00e7\u00e3o de anais e E-book. \u00a0<\/p>\n\n\n\n<p>A programa\u00e7\u00e3o do evento, bem como os simp\u00f3sios tem\u00e1ticos, podem ser conferidos nos seguintes canais:<\/p>\n\n\n\n<p>Site:&nbsp;<a href=\"https:\/\/seh2021ufpr.wixsite.com\/inicio\" target=\"_blank\" rel=\"noreferrer noopener\">https:\/\/seh2021ufpr.wixsite.com\/inicio<\/a>.<\/p>\n\n\n\n<p>Facebook:&nbsp;<a href=\"https:\/\/www.facebook.com\/sehufpr\" target=\"_blank\" rel=\"noreferrer noopener\">https:\/\/www.facebook.com\/sehufpr<\/a><\/p>\n\n\n\n<p>Instagram:&nbsp;<a href=\"https:\/\/www.instagram.com\/sehufpr\/\" target=\"_blank\" rel=\"noreferrer noopener\">https:\/\/www.instagram.com\/sehufpr\/<\/a><\/p>\n","protected":false},"excerpt":{"rendered":"<p>O III Semin\u00e1rio de Estudos Hist\u00f3ricos da UFPR ocorrer\u00e1 nos dias 03, 04 e 05 de novembro de 2021. As inscri\u00e7\u00f5es para comunica\u00e7\u00f5es em Simp\u00f3sios Tem\u00e1ticos foi prorrogada at\u00e9 dia\u00a015\/10\/2021.\u00a0 O Semin\u00e1rio de Estudos Hist\u00f3ricos da Universidade Federal do Paran\u00e1 visa ampliar a oferta de espa\u00e7o de debates historiogr\u00e1ficos e de temas correlatos das Ci\u00eancias [&hellip;]<\/p>\n","protected":false},"author":8,"featured_media":2043,"comment_status":"open","ping_status":"open","sticky":false,"template":"","format":"standard","meta":{"_acf_changed":false,"footnotes":""},"categories":[1],"tags":[],"class_list":["post-1900","post","type-post","status-publish","format-standard","has-post-thumbnail","hentry","category-sem-categoria"],"acf":[],"_links":{"self":[{"href":"https:\/\/pos.uel.br\/ppgsoc\/wp-json\/wp\/v2\/posts\/1900","targetHints":{"allow":["GET"]}}],"collection":[{"href":"https:\/\/pos.uel.br\/ppgsoc\/wp-json\/wp\/v2\/posts"}],"about":[{"href":"https:\/\/pos.uel.br\/ppgsoc\/wp-json\/wp\/v2\/types\/post"}],"author":[{"embeddable":true,"href":"https:\/\/pos.uel.br\/ppgsoc\/wp-json\/wp\/v2\/users\/8"}],"replies":[{"embeddable":true,"href":"https:\/\/pos.uel.br\/ppgsoc\/wp-json\/wp\/v2\/comments?post=1900"}],"version-history":[{"count":1,"href":"https:\/\/pos.uel.br\/ppgsoc\/wp-json\/wp\/v2\/posts\/1900\/revisions"}],"predecessor-version":[{"id":2044,"href":"https:\/\/pos.uel.br\/ppgsoc\/wp-json\/wp\/v2\/posts\/1900\/revisions\/2044"}],"wp:featuredmedia":[{"embeddable":true,"href":"https:\/\/pos.uel.br\/ppgsoc\/wp-json\/wp\/v2\/media\/2043"}],"wp:attachment":[{"href":"https:\/\/pos.uel.br\/ppgsoc\/wp-json\/wp\/v2\/media?parent=1900"}],"wp:term":[{"taxonomy":"category","embeddable":true,"href":"https:\/\/pos.uel.br\/ppgsoc\/wp-json\/wp\/v2\/categories?post=1900"},{"taxonomy":"post_tag","embeddable":true,"href":"https:\/\/pos.uel.br\/ppgsoc\/wp-json\/wp\/v2\/tags?post=1900"}],"curies":[{"name":"wp","href":"https:\/\/api.w.org\/{rel}","templated":true}]}}