{"id":1890,"date":"2021-09-24T11:37:51","date_gmt":"2021-09-24T14:37:51","guid":{"rendered":"https:\/\/pos.uel.br\/ppgsoc\/?p=1890"},"modified":"2021-09-24T11:37:52","modified_gmt":"2021-09-24T14:37:52","slug":"mesa-redonda-trafico-de-pessoas-os-muitos-desafios-atuais","status":"publish","type":"post","link":"https:\/\/pos.uel.br\/ppgsoc\/sem-categoria\/2021\/09\/24\/mesa-redonda-trafico-de-pessoas-os-muitos-desafios-atuais\/","title":{"rendered":"Mesa redonda: &#8220;Tr\u00e1fico de Pessoas: os muitos desafios atuais&#8221;"},"content":{"rendered":"\n<p>No dia 24 de setembro (sexta-feira) das 14h \u00e0s 18h ser\u00e1 realizada a mesa redonda <strong>Tr\u00e1fico de Pessoas: os muitos desafios atuais<\/strong> com a participa\u00e7\u00e3o da Dra. M\u00e9rcia Pereira (P\u00f3s-doutoranda do PPGSOC-UEL), do Juiz do Trabalho J\u00f4natas dos Santos Andrade (TRT8) e da Profa. Dra. Shirley Silveira Andrade (UFS). A media\u00e7\u00e3o ser\u00e1 da Profa. Dra. \u00c2ngela Maria Sousa Lima (UEL).<\/p>\n\n\n\n<p><\/p>\n\n\n\n<div class=\"wp-block-image\"><figure class=\"aligncenter size-full is-resized\"><img loading=\"lazy\" decoding=\"async\" src=\"https:\/\/pos.uel.br\/ppgsoc\/wp-content\/uploads\/2021\/09\/unnamed.png\" alt=\"\" class=\"wp-image-1891\" width=\"511\" height=\"512\" srcset=\"https:\/\/pos.uel.br\/ppgsoc\/wp-content\/uploads\/2021\/09\/unnamed.png 873w, https:\/\/pos.uel.br\/ppgsoc\/wp-content\/uploads\/2021\/09\/unnamed-300x300.png 300w, https:\/\/pos.uel.br\/ppgsoc\/wp-content\/uploads\/2021\/09\/unnamed-150x150.png 150w, https:\/\/pos.uel.br\/ppgsoc\/wp-content\/uploads\/2021\/09\/unnamed-768x770.png 768w\" sizes=\"auto, (max-width: 511px) 100vw, 511px\" \/><figcaption><em>Divulga\u00e7\u00e3o.<\/em><\/figcaption><\/figure><\/div>\n\n\n\n<p> A atividade integra o <strong>XIV Ciclo Internacional de Debates Sobre Desigualdades Sociais &#8211; Tr\u00e1fico de Pessoas, Desigualdades e Direitos Humanos na Am\u00e9rica Latina<\/strong>. Haver\u00e1 transmiss\u00e3o pelo canal do Lenpes no YouTube: <a rel=\"noreferrer noopener\" href=\"https:\/\/youtu.be\/qLwJiA2VVNI\" data-type=\"URL\" data-id=\"https:\/\/youtu.be\/qLwJiA2VVNI\" target=\"_blank\">acesse aqui<\/a>.<\/p>\n","protected":false},"excerpt":{"rendered":"<p>No dia 24 de setembro (sexta-feira) das 14h \u00e0s 18h ser\u00e1 realizada a mesa redonda Tr\u00e1fico de Pessoas: os muitos desafios atuais com a participa\u00e7\u00e3o da Dra. M\u00e9rcia Pereira (P\u00f3s-doutoranda do PPGSOC-UEL), do Juiz do Trabalho J\u00f4natas dos Santos Andrade (TRT8) e da Profa. Dra. Shirley Silveira Andrade (UFS). A media\u00e7\u00e3o ser\u00e1 da Profa. Dra. [&hellip;]<\/p>\n","protected":false},"author":8,"featured_media":1891,"comment_status":"open","ping_status":"open","sticky":false,"template":"","format":"standard","meta":{"_acf_changed":false,"footnotes":""},"categories":[1],"tags":[],"class_list":["post-1890","post","type-post","status-publish","format-standard","has-post-thumbnail","hentry","category-sem-categoria"],"acf":[],"_links":{"self":[{"href":"https:\/\/pos.uel.br\/ppgsoc\/wp-json\/wp\/v2\/posts\/1890","targetHints":{"allow":["GET"]}}],"collection":[{"href":"https:\/\/pos.uel.br\/ppgsoc\/wp-json\/wp\/v2\/posts"}],"about":[{"href":"https:\/\/pos.uel.br\/ppgsoc\/wp-json\/wp\/v2\/types\/post"}],"author":[{"embeddable":true,"href":"https:\/\/pos.uel.br\/ppgsoc\/wp-json\/wp\/v2\/users\/8"}],"replies":[{"embeddable":true,"href":"https:\/\/pos.uel.br\/ppgsoc\/wp-json\/wp\/v2\/comments?post=1890"}],"version-history":[{"count":1,"href":"https:\/\/pos.uel.br\/ppgsoc\/wp-json\/wp\/v2\/posts\/1890\/revisions"}],"predecessor-version":[{"id":1892,"href":"https:\/\/pos.uel.br\/ppgsoc\/wp-json\/wp\/v2\/posts\/1890\/revisions\/1892"}],"wp:featuredmedia":[{"embeddable":true,"href":"https:\/\/pos.uel.br\/ppgsoc\/wp-json\/wp\/v2\/media\/1891"}],"wp:attachment":[{"href":"https:\/\/pos.uel.br\/ppgsoc\/wp-json\/wp\/v2\/media?parent=1890"}],"wp:term":[{"taxonomy":"category","embeddable":true,"href":"https:\/\/pos.uel.br\/ppgsoc\/wp-json\/wp\/v2\/categories?post=1890"},{"taxonomy":"post_tag","embeddable":true,"href":"https:\/\/pos.uel.br\/ppgsoc\/wp-json\/wp\/v2\/tags?post=1890"}],"curies":[{"name":"wp","href":"https:\/\/api.w.org\/{rel}","templated":true}]}}