{"id":1852,"date":"2021-09-16T10:59:51","date_gmt":"2021-09-16T13:59:51","guid":{"rendered":"https:\/\/pos.uel.br\/ppgsoc\/?p=1852"},"modified":"2021-09-16T11:02:32","modified_gmt":"2021-09-16T14:02:32","slug":"mesa-redonda-ciencia-social-computacional-um-novo-paradigma","status":"publish","type":"post","link":"https:\/\/pos.uel.br\/ppgsoc\/sem-categoria\/2021\/09\/16\/mesa-redonda-ciencia-social-computacional-um-novo-paradigma\/","title":{"rendered":"Mesa-redonda &#8220;Ci\u00eancia Social computacional: um novo paradigma para as Ci\u00eancias Sociais?&#8221;"},"content":{"rendered":"\n<p>Ser\u00e1 realizada no dia 17 de setembro (sexta-feira), \u00e0s 14h, a mesa-redonda <strong>&#8220;Ci\u00eancia Social Computacional: um novo paradigma para as  Ci\u00eancias Sociais?&#8221;<\/strong>. O evento \u00e9 uma atividade do  VI Semin\u00e1rio de Ci\u00eancias Sociais do Programa de P\u00f3s-gradua\u00e7\u00e3o em Ci\u00eancias Sociais da Universidade Federal do Esp\u00edrito Santo e ter\u00e1 a participa\u00e7\u00e3o da Profa. Dra. Maria Cristina Dadalto \u00a0(LEIDTEC, Deep Social Labs e PGCS-UFES), Profa. Dra. Patricia Pavesi \u00a0(LEIDTEC, Deep Social Labs e PGCS-UFES), Ms. J\u00falio Valentim (LEIDTEC, Deep Social Labs) e do Prof. Dr. Ronaldo Baltar (UEL). <br><\/p>\n\n\n\n<div class=\"wp-block-image\"><figure class=\"aligncenter size-full is-resized\"><img loading=\"lazy\" decoding=\"async\" src=\"https:\/\/pos.uel.br\/ppgsoc\/wp-content\/uploads\/2021\/09\/242114964_6788487577843800_68263698848349137_n.jpg\" alt=\"\" class=\"wp-image-1853\" width=\"413\" height=\"413\" srcset=\"https:\/\/pos.uel.br\/ppgsoc\/wp-content\/uploads\/2021\/09\/242114964_6788487577843800_68263698848349137_n.jpg 960w, https:\/\/pos.uel.br\/ppgsoc\/wp-content\/uploads\/2021\/09\/242114964_6788487577843800_68263698848349137_n-300x300.jpg 300w, https:\/\/pos.uel.br\/ppgsoc\/wp-content\/uploads\/2021\/09\/242114964_6788487577843800_68263698848349137_n-150x150.jpg 150w, https:\/\/pos.uel.br\/ppgsoc\/wp-content\/uploads\/2021\/09\/242114964_6788487577843800_68263698848349137_n-768x768.jpg 768w\" sizes=\"auto, (max-width: 413px) 100vw, 413px\" \/><figcaption><em>Fonte: Divulga\u00e7\u00e3o.<\/em><\/figcaption><\/figure><\/div>\n\n\n\n<p>A transmiss\u00e3o ser\u00e1 feita via Google Meet. Para ter acesso ao evento e \u00e0 programa\u00e7\u00e3o completa, acesse: <a rel=\"noreferrer noopener\" href=\"https:\/\/seminariopgcs.wixsite.com\/scsufes\/programacao-completa?fbclid=IwAR3raJVQ8rzx6n8N8jygVkCfuOLUYqK9N8i9k7965w9gRZMbrBA_uJ6mfzs\" target=\"_blank\">PROGRAMA\u00c7\u00c3O | Semin\u00e1rio CSO UFES (wixsite.com)<\/a>.<\/p>\n","protected":false},"excerpt":{"rendered":"<p>Ser\u00e1 realizada no dia 17 de setembro (sexta-feira), \u00e0s 14h, a mesa-redonda &#8220;Ci\u00eancia Social Computacional: um novo paradigma para as Ci\u00eancias Sociais?&#8221;. O evento \u00e9 uma atividade do VI Semin\u00e1rio de Ci\u00eancias Sociais do Programa de P\u00f3s-gradua\u00e7\u00e3o em Ci\u00eancias Sociais da Universidade Federal do Esp\u00edrito Santo e ter\u00e1 a participa\u00e7\u00e3o da Profa. Dra. Maria Cristina [&hellip;]<\/p>\n","protected":false},"author":8,"featured_media":1853,"comment_status":"open","ping_status":"open","sticky":false,"template":"","format":"standard","meta":{"_acf_changed":false,"footnotes":""},"categories":[1],"tags":[],"class_list":["post-1852","post","type-post","status-publish","format-standard","has-post-thumbnail","hentry","category-sem-categoria"],"acf":[],"_links":{"self":[{"href":"https:\/\/pos.uel.br\/ppgsoc\/wp-json\/wp\/v2\/posts\/1852","targetHints":{"allow":["GET"]}}],"collection":[{"href":"https:\/\/pos.uel.br\/ppgsoc\/wp-json\/wp\/v2\/posts"}],"about":[{"href":"https:\/\/pos.uel.br\/ppgsoc\/wp-json\/wp\/v2\/types\/post"}],"author":[{"embeddable":true,"href":"https:\/\/pos.uel.br\/ppgsoc\/wp-json\/wp\/v2\/users\/8"}],"replies":[{"embeddable":true,"href":"https:\/\/pos.uel.br\/ppgsoc\/wp-json\/wp\/v2\/comments?post=1852"}],"version-history":[{"count":4,"href":"https:\/\/pos.uel.br\/ppgsoc\/wp-json\/wp\/v2\/posts\/1852\/revisions"}],"predecessor-version":[{"id":1857,"href":"https:\/\/pos.uel.br\/ppgsoc\/wp-json\/wp\/v2\/posts\/1852\/revisions\/1857"}],"wp:featuredmedia":[{"embeddable":true,"href":"https:\/\/pos.uel.br\/ppgsoc\/wp-json\/wp\/v2\/media\/1853"}],"wp:attachment":[{"href":"https:\/\/pos.uel.br\/ppgsoc\/wp-json\/wp\/v2\/media?parent=1852"}],"wp:term":[{"taxonomy":"category","embeddable":true,"href":"https:\/\/pos.uel.br\/ppgsoc\/wp-json\/wp\/v2\/categories?post=1852"},{"taxonomy":"post_tag","embeddable":true,"href":"https:\/\/pos.uel.br\/ppgsoc\/wp-json\/wp\/v2\/tags?post=1852"}],"curies":[{"name":"wp","href":"https:\/\/api.w.org\/{rel}","templated":true}]}}