{"id":1789,"date":"2021-09-15T12:30:00","date_gmt":"2021-09-15T15:30:00","guid":{"rendered":"https:\/\/pos.uel.br\/ppgsoc\/?p=1789"},"modified":"2021-09-14T12:09:08","modified_gmt":"2021-09-14T15:09:08","slug":"xv-encontro-de-ciencias-sociais-da-ufpe","status":"publish","type":"post","link":"https:\/\/pos.uel.br\/ppgsoc\/sem-categoria\/2021\/09\/15\/xv-encontro-de-ciencias-sociais-da-ufpe\/","title":{"rendered":"XV Encontro de Ci\u00eancias Sociais da UFPE"},"content":{"rendered":"\n<figure class=\"wp-block-image size-large\"><a href=\"https:\/\/xvecsufpe.wixsite.com\/2021\"><img loading=\"lazy\" decoding=\"async\" width=\"1024\" height=\"379\" src=\"https:\/\/pos.uel.br\/ppgsoc\/wp-content\/uploads\/2021\/09\/XVUFPE-1024x379.png\" alt=\"\" class=\"wp-image-1795\" srcset=\"https:\/\/pos.uel.br\/ppgsoc\/wp-content\/uploads\/2021\/09\/XVUFPE-1024x379.png 1024w, https:\/\/pos.uel.br\/ppgsoc\/wp-content\/uploads\/2021\/09\/XVUFPE-300x111.png 300w, https:\/\/pos.uel.br\/ppgsoc\/wp-content\/uploads\/2021\/09\/XVUFPE-768x284.png 768w, https:\/\/pos.uel.br\/ppgsoc\/wp-content\/uploads\/2021\/09\/XVUFPE-1536x569.png 1536w, https:\/\/pos.uel.br\/ppgsoc\/wp-content\/uploads\/2021\/09\/XVUFPE-2048x759.png 2048w\" sizes=\"auto, (max-width: 1024px) 100vw, 1024px\" \/><\/a><figcaption>XV Encontro de Ci\u00eancias Sociais UFPE<\/figcaption><\/figure>\n\n\n\n<p>Entre os dias 22 a 26 de novembro acontece o XV Encontro de Ci\u00eancias Sociais da UFPE, com o tema<em><strong>\u00a0<\/strong>\u201c70 ANOS DAS CI\u00caNCIAS SOCIAIS NA UFPE: compromisso e esperan\u00e7a para sonhar outros futuros\u201d.<\/em>\u00a0Esse ano o evento ocorre em formato totalmente virtual. <br><br>A submiss\u00e3o de resumo do trabalho para os GTs pode ser feita at\u00e9 dia 01 de outubro de 2021.  <br><br>Para inscri\u00e7\u00f5es e mais informa\u00e7\u00f5es acesse: <a rel=\"noreferrer noopener\" href=\"https:\/\/xvecsufpe.wixsite.com\/2021\" target=\"_blank\">https:\/\/xvecsufpe.wixsite.com\/2021<\/a><br><br>Redes Sociais:<br><a href=\"https:\/\/www.instagram.com\/xvecsufpe\/\">Instagram<\/a><br><a href=\"https:\/\/www.facebook.com\/xvecsufpe\">Facebook<\/a><\/p>\n","protected":false},"excerpt":{"rendered":"<p>Entre os dias 22 a 26 de novembro acontece o XV Encontro de Ci\u00eancias Sociais da UFPE, com o tema\u00a0\u201c70 ANOS DAS CI\u00caNCIAS SOCIAIS NA UFPE: compromisso e esperan\u00e7a para sonhar outros futuros\u201d.\u00a0Esse ano o evento ocorre em formato totalmente virtual. A submiss\u00e3o de resumo do trabalho para os GTs pode ser feita at\u00e9 dia [&hellip;]<\/p>\n","protected":false},"author":8,"featured_media":1796,"comment_status":"open","ping_status":"open","sticky":false,"template":"","format":"standard","meta":{"_acf_changed":false,"footnotes":""},"categories":[1],"tags":[],"class_list":["post-1789","post","type-post","status-publish","format-standard","has-post-thumbnail","hentry","category-sem-categoria"],"acf":[],"_links":{"self":[{"href":"https:\/\/pos.uel.br\/ppgsoc\/wp-json\/wp\/v2\/posts\/1789","targetHints":{"allow":["GET"]}}],"collection":[{"href":"https:\/\/pos.uel.br\/ppgsoc\/wp-json\/wp\/v2\/posts"}],"about":[{"href":"https:\/\/pos.uel.br\/ppgsoc\/wp-json\/wp\/v2\/types\/post"}],"author":[{"embeddable":true,"href":"https:\/\/pos.uel.br\/ppgsoc\/wp-json\/wp\/v2\/users\/8"}],"replies":[{"embeddable":true,"href":"https:\/\/pos.uel.br\/ppgsoc\/wp-json\/wp\/v2\/comments?post=1789"}],"version-history":[{"count":1,"href":"https:\/\/pos.uel.br\/ppgsoc\/wp-json\/wp\/v2\/posts\/1789\/revisions"}],"predecessor-version":[{"id":1797,"href":"https:\/\/pos.uel.br\/ppgsoc\/wp-json\/wp\/v2\/posts\/1789\/revisions\/1797"}],"wp:featuredmedia":[{"embeddable":true,"href":"https:\/\/pos.uel.br\/ppgsoc\/wp-json\/wp\/v2\/media\/1796"}],"wp:attachment":[{"href":"https:\/\/pos.uel.br\/ppgsoc\/wp-json\/wp\/v2\/media?parent=1789"}],"wp:term":[{"taxonomy":"category","embeddable":true,"href":"https:\/\/pos.uel.br\/ppgsoc\/wp-json\/wp\/v2\/categories?post=1789"},{"taxonomy":"post_tag","embeddable":true,"href":"https:\/\/pos.uel.br\/ppgsoc\/wp-json\/wp\/v2\/tags?post=1789"}],"curies":[{"name":"wp","href":"https:\/\/api.w.org\/{rel}","templated":true}]}}