{"id":1779,"date":"2021-09-15T12:00:00","date_gmt":"2021-09-15T15:00:00","guid":{"rendered":"https:\/\/pos.uel.br\/ppgsoc\/?p=1779"},"modified":"2021-09-15T11:03:45","modified_gmt":"2021-09-15T14:03:45","slug":"metodologicas-sbs-em-parceria-com-a-ufsc-oferece-curso-de-metodologia","status":"publish","type":"post","link":"https:\/\/pos.uel.br\/ppgsoc\/sem-categoria\/2021\/09\/15\/metodologicas-sbs-em-parceria-com-a-ufsc-oferece-curso-de-metodologia\/","title":{"rendered":"Metodol\u00f3gicas: SBS em parceria com a UFSC oferece curso de metodologia"},"content":{"rendered":"\n<figure class=\"wp-block-image size-large\"><img loading=\"lazy\" decoding=\"async\" width=\"1024\" height=\"1024\" src=\"https:\/\/pos.uel.br\/ppgsoc\/wp-content\/uploads\/2021\/09\/sbs_metodologicas-1024x1024.jpeg\" alt=\"\" class=\"wp-image-1844\" srcset=\"https:\/\/pos.uel.br\/ppgsoc\/wp-content\/uploads\/2021\/09\/sbs_metodologicas-1024x1024.jpeg 1024w, https:\/\/pos.uel.br\/ppgsoc\/wp-content\/uploads\/2021\/09\/sbs_metodologicas-300x300.jpeg 300w, https:\/\/pos.uel.br\/ppgsoc\/wp-content\/uploads\/2021\/09\/sbs_metodologicas-150x150.jpeg 150w, https:\/\/pos.uel.br\/ppgsoc\/wp-content\/uploads\/2021\/09\/sbs_metodologicas-768x768.jpeg 768w, https:\/\/pos.uel.br\/ppgsoc\/wp-content\/uploads\/2021\/09\/sbs_metodologicas.jpeg 1080w\" sizes=\"auto, (max-width: 1024px) 100vw, 1024px\" \/><figcaption>SBS Metodol\u00f3gicas<\/figcaption><\/figure>\n\n\n\n<p>Em seu primeiro ciclo, a SBS apresenta &#8220;Metodol\u00f3gicas&#8221;, uma s\u00e9rie com 04 aulas promovidas para debater metodologia de pesquisa em Sociologia. O debate se concentrar\u00e1 nos problemas e quest\u00f5es envolvidas na constru\u00e7\u00e3o de um projeto de pesquisa.<\/p>\n\n\n\n<p>A atividade \u00e9 tamb\u00e9m um curso de extens\u00e3o promovido pela UFSC e a participa\u00e7\u00e3o em 75% das atividades faz jus ao certificado de extens\u00e3o de 8 horas.<\/p>\n\n\n\n<p>Inscri\u00e7\u00f5es gratuitas abertas <a href=\"https:\/\/forms.gle\/aavu2Muu4gXk13Wh6\">aqui<\/a>. <\/p>\n\n\n\n<p>Independente da inscri\u00e7\u00e3o, o curso poder ser acompanhado gratuitamente no <a href=\"https:\/\/www.youtube.com\/c\/SBStvOnline\">canal da SBS no YouTube<\/a>. <br><br>Confira a programa\u00e7\u00e3o: <\/p>\n\n\n\n<p>Recortando um tema, construindo um problema de pesquisa &#8211; 21\/09, 18H<br>com Marcelo Kunrath (UFRGS)<\/p>\n\n\n\n<p>Construindo objetivos de pesquisa &#8211; 23\/09, 18H<br>com Eliane da Fonte (UFPE)<\/p>\n\n\n\n<p>Como selecionar metodologias? &#8211; 28\/09, 18H<br>com Fabiana Luci de Oliveira (UFSCar)<\/p>\n\n\n\n<p>Como fazer revis\u00e3o bibliogr\u00e1fica? &#8211; 30\/09, 18H<br>com Luiz Augusto Campos (IESP-UERJ)<br><br>Contato: <br>sbsmidia@gmail.com ou secretaria@sbsociologia.com.br<\/p>\n","protected":false},"excerpt":{"rendered":"<p>Em seu primeiro ciclo, a SBS apresenta &#8220;Metodol\u00f3gicas&#8221;, uma s\u00e9rie com 04 aulas promovidas para debater metodologia de pesquisa em Sociologia. O debate se concentrar\u00e1 nos problemas e quest\u00f5es envolvidas na constru\u00e7\u00e3o de um projeto de pesquisa. A atividade \u00e9 tamb\u00e9m um curso de extens\u00e3o promovido pela UFSC e a participa\u00e7\u00e3o em 75% das atividades [&hellip;]<\/p>\n","protected":false},"author":8,"featured_media":1844,"comment_status":"open","ping_status":"open","sticky":false,"template":"","format":"standard","meta":{"_acf_changed":false,"footnotes":""},"categories":[1],"tags":[],"class_list":["post-1779","post","type-post","status-publish","format-standard","has-post-thumbnail","hentry","category-sem-categoria"],"acf":[],"_links":{"self":[{"href":"https:\/\/pos.uel.br\/ppgsoc\/wp-json\/wp\/v2\/posts\/1779","targetHints":{"allow":["GET"]}}],"collection":[{"href":"https:\/\/pos.uel.br\/ppgsoc\/wp-json\/wp\/v2\/posts"}],"about":[{"href":"https:\/\/pos.uel.br\/ppgsoc\/wp-json\/wp\/v2\/types\/post"}],"author":[{"embeddable":true,"href":"https:\/\/pos.uel.br\/ppgsoc\/wp-json\/wp\/v2\/users\/8"}],"replies":[{"embeddable":true,"href":"https:\/\/pos.uel.br\/ppgsoc\/wp-json\/wp\/v2\/comments?post=1779"}],"version-history":[{"count":3,"href":"https:\/\/pos.uel.br\/ppgsoc\/wp-json\/wp\/v2\/posts\/1779\/revisions"}],"predecessor-version":[{"id":1846,"href":"https:\/\/pos.uel.br\/ppgsoc\/wp-json\/wp\/v2\/posts\/1779\/revisions\/1846"}],"wp:featuredmedia":[{"embeddable":true,"href":"https:\/\/pos.uel.br\/ppgsoc\/wp-json\/wp\/v2\/media\/1844"}],"wp:attachment":[{"href":"https:\/\/pos.uel.br\/ppgsoc\/wp-json\/wp\/v2\/media?parent=1779"}],"wp:term":[{"taxonomy":"category","embeddable":true,"href":"https:\/\/pos.uel.br\/ppgsoc\/wp-json\/wp\/v2\/categories?post=1779"},{"taxonomy":"post_tag","embeddable":true,"href":"https:\/\/pos.uel.br\/ppgsoc\/wp-json\/wp\/v2\/tags?post=1779"}],"curies":[{"name":"wp","href":"https:\/\/api.w.org\/{rel}","templated":true}]}}