{"id":1767,"date":"2021-09-10T09:53:55","date_gmt":"2021-09-10T12:53:55","guid":{"rendered":"https:\/\/pos.uel.br\/ppgsoc\/?p=1767"},"modified":"2021-09-13T19:35:49","modified_gmt":"2021-09-13T22:35:49","slug":"uel-realizara-a-feira-das-profissoes-em-formato-online","status":"publish","type":"post","link":"https:\/\/pos.uel.br\/ppgsoc\/sem-categoria\/2021\/09\/10\/uel-realizara-a-feira-das-profissoes-em-formato-online\/","title":{"rendered":"UEL realizar\u00e1 a Feira das Profiss\u00f5es em formato online"},"content":{"rendered":"\n<p>No dia 16 de setembro a Universidade Estadual de Londrina realizar\u00e1 mais uma edi\u00e7\u00e3o da Feira das Profiss\u00f5es, agora em formato online.<\/p>\n\n\n\n<p>O acesso \u00e0s atividades do evento ser\u00e1 pelo aplicativo Discord. Ser\u00e3o disponibilizados materiais sobre os cursos, como fotos, textos, v\u00eddeos e links. Al\u00e9m disso, o p\u00fablico poder\u00e1 tirar d\u00favidas com profissionais formados, estudantes e professores dos 52 cursos de gradua\u00e7\u00e3o oferecidos pela Universidade.<\/p>\n\n\n\n<div class=\"wp-block-image\"><figure class=\"aligncenter size-large is-resized\"><img loading=\"lazy\" decoding=\"async\" src=\"https:\/\/pos.uel.br\/ppgsoc\/wp-content\/uploads\/2021\/09\/WhatsApp-Image-2021-09-09-at-17.58.18-1024x1024.jpeg\" alt=\"\" class=\"wp-image-1768\" width=\"498\" height=\"498\" srcset=\"https:\/\/pos.uel.br\/ppgsoc\/wp-content\/uploads\/2021\/09\/WhatsApp-Image-2021-09-09-at-17.58.18-1024x1024.jpeg 1024w, https:\/\/pos.uel.br\/ppgsoc\/wp-content\/uploads\/2021\/09\/WhatsApp-Image-2021-09-09-at-17.58.18-300x300.jpeg 300w, https:\/\/pos.uel.br\/ppgsoc\/wp-content\/uploads\/2021\/09\/WhatsApp-Image-2021-09-09-at-17.58.18-150x150.jpeg 150w, https:\/\/pos.uel.br\/ppgsoc\/wp-content\/uploads\/2021\/09\/WhatsApp-Image-2021-09-09-at-17.58.18-768x768.jpeg 768w, https:\/\/pos.uel.br\/ppgsoc\/wp-content\/uploads\/2021\/09\/WhatsApp-Image-2021-09-09-at-17.58.18.jpeg 1080w\" sizes=\"auto, (max-width: 498px) 100vw, 498px\" \/><figcaption><em>(Ag\u00eancia UEL)<\/em><\/figcaption><\/figure><\/div>\n\n\n\n<p>Para participar os e as estudantes dever\u00e3o entrar na p\u00e1gina da&nbsp;<a rel=\"noreferrer noopener\" href=\"http:\/\/feira.uel.br\/\" target=\"_blank\">Feira das Profiss\u00f5es 2021<\/a>&nbsp;e acessar o conte\u00fado e o link para o&nbsp;<a href=\"https:\/\/discord.gg\/NHGYjPsZs6\">servidor do Discord<\/a>. As visitas \u00e0s salas ser\u00e3o realizadas das 9 \u00e0s 12 horas; das 14 \u00e0s 17 horas e das 19 \u00e0s 21 horas. As visitas \u00e0s salas da feira virtual poder\u00e3o ser feitas tanto pelo computador quanto pelo celular, baixando o app gratuitamente.<\/p>\n","protected":false},"excerpt":{"rendered":"<p>No dia 16 de setembro a Universidade Estadual de Londrina realizar\u00e1 mais uma edi\u00e7\u00e3o da Feira das Profiss\u00f5es, agora em formato online. O acesso \u00e0s atividades do evento ser\u00e1 pelo aplicativo Discord. Ser\u00e3o disponibilizados materiais sobre os cursos, como fotos, textos, v\u00eddeos e links. Al\u00e9m disso, o p\u00fablico poder\u00e1 tirar d\u00favidas com profissionais formados, estudantes [&hellip;]<\/p>\n","protected":false},"author":8,"featured_media":1768,"comment_status":"open","ping_status":"open","sticky":false,"template":"","format":"standard","meta":{"_acf_changed":false,"footnotes":""},"categories":[1],"tags":[],"class_list":["post-1767","post","type-post","status-publish","format-standard","has-post-thumbnail","hentry","category-sem-categoria"],"acf":[],"_links":{"self":[{"href":"https:\/\/pos.uel.br\/ppgsoc\/wp-json\/wp\/v2\/posts\/1767","targetHints":{"allow":["GET"]}}],"collection":[{"href":"https:\/\/pos.uel.br\/ppgsoc\/wp-json\/wp\/v2\/posts"}],"about":[{"href":"https:\/\/pos.uel.br\/ppgsoc\/wp-json\/wp\/v2\/types\/post"}],"author":[{"embeddable":true,"href":"https:\/\/pos.uel.br\/ppgsoc\/wp-json\/wp\/v2\/users\/8"}],"replies":[{"embeddable":true,"href":"https:\/\/pos.uel.br\/ppgsoc\/wp-json\/wp\/v2\/comments?post=1767"}],"version-history":[{"count":3,"href":"https:\/\/pos.uel.br\/ppgsoc\/wp-json\/wp\/v2\/posts\/1767\/revisions"}],"predecessor-version":[{"id":1778,"href":"https:\/\/pos.uel.br\/ppgsoc\/wp-json\/wp\/v2\/posts\/1767\/revisions\/1778"}],"wp:featuredmedia":[{"embeddable":true,"href":"https:\/\/pos.uel.br\/ppgsoc\/wp-json\/wp\/v2\/media\/1768"}],"wp:attachment":[{"href":"https:\/\/pos.uel.br\/ppgsoc\/wp-json\/wp\/v2\/media?parent=1767"}],"wp:term":[{"taxonomy":"category","embeddable":true,"href":"https:\/\/pos.uel.br\/ppgsoc\/wp-json\/wp\/v2\/categories?post=1767"},{"taxonomy":"post_tag","embeddable":true,"href":"https:\/\/pos.uel.br\/ppgsoc\/wp-json\/wp\/v2\/tags?post=1767"}],"curies":[{"name":"wp","href":"https:\/\/api.w.org\/{rel}","templated":true}]}}