{"id":1755,"date":"2021-09-08T12:00:00","date_gmt":"2021-09-08T15:00:00","guid":{"rendered":"https:\/\/pos.uel.br\/ppgsoc\/?p=1755"},"modified":"2021-09-09T15:32:23","modified_gmt":"2021-09-09T18:32:23","slug":"novo-no-de-mediacoes-dossie-o-que-fazem-os-numeros-producoes-usos-e-efeitos-da-quantificacao-da-vida-cotidiana-mediacoes-vol-26-n-2-2021-2","status":"publish","type":"post","link":"https:\/\/pos.uel.br\/ppgsoc\/sem-categoria\/2021\/09\/08\/novo-no-de-mediacoes-dossie-o-que-fazem-os-numeros-producoes-usos-e-efeitos-da-quantificacao-da-vida-cotidiana-mediacoes-vol-26-n-2-2021-2\/","title":{"rendered":"Novo N\u00ba de Media\u00e7\u00f5es \u2013 Dossi\u00ea: O que Fazem os N\u00fameros? Produ\u00e7\u00f5es, Usos e Efeitos da Quantifica\u00e7\u00e3o da Vida Cotidiana"},"content":{"rendered":"\n<p><\/p>\n\n\n\n<figure class=\"wp-block-image size-full\"><a href=\"http:\/\/www.uel.br\/revistas\/uel\/index.php\/mediacoes\/issue\/view\/1730\"><img loading=\"lazy\" decoding=\"async\" width=\"447\" height=\"632\" src=\"https:\/\/pos.uel.br\/ppgsoc\/wp-content\/uploads\/2021\/09\/cover_issue_mediac\u0327o\u0303esvol.-26n.-2-2021.jpeg\" alt=\"\" class=\"wp-image-1756\" srcset=\"https:\/\/pos.uel.br\/ppgsoc\/wp-content\/uploads\/2021\/09\/cover_issue_mediac\u0327o\u0303esvol.-26n.-2-2021.jpeg 447w, https:\/\/pos.uel.br\/ppgsoc\/wp-content\/uploads\/2021\/09\/cover_issue_mediac\u0327o\u0303esvol.-26n.-2-2021-212x300.jpeg 212w\" sizes=\"auto, (max-width: 447px) 100vw, 447px\" \/><\/a><figcaption><meta charset=\"utf-8\">Capa \u2013 v.26, n.2 (2021) &#8211; maio\/agosto<\/figcaption><\/figure>\n\n\n\n<p>Foi publicado mais um n\u00famero da Revista Media\u00e7\u00f5es com artigos in\u00e9ditos e o dossi\u00ea\u00a0<em><a href=\"http:\/\/www.uel.br\/revistas\/uel\/index.php\/mediacoes\/issue\/view\/1730\">O que Fazem os N\u00fameros?\u00a0Produ\u00e7\u00f5es, Usos e Efeitos da Quantifica\u00e7\u00e3o da Vida Cotidiana<\/a><\/em>, organizado por Glaucia Maricato (Freie Universit\u00e4t Berlin) e Vitor Simonis Richter (UFRGS). O dossi\u00ea tem como objetivo contribuir para a reflex\u00e3o acerca da intensa produ\u00e7\u00e3o e circula\u00e7\u00e3o de tabelas, gr\u00e1ficos, estat\u00edsticas e rankings que v\u00eam marcando nosso cotidiano, fen\u00f4meno particularmente evidenciado no atual contexto pand\u00eamico: \u2018dados\u2019 tornaram-se o cerne de disputas e negocia\u00e7\u00f5es, evidenciando a centralidade e os efeitos pol\u00edticos das narrativas num\u00e9ricas. O dossi\u00ea procura assim discutir a vida social dos n\u00fameros e dos indicadores que fazem parte das pr\u00e1ticas e tecnologias de governo contempor\u00e2neos.<\/p>\n","protected":false},"excerpt":{"rendered":"<p>Foi publicado mais um n\u00famero da Revista Media\u00e7\u00f5es com artigos in\u00e9ditos e o dossi\u00ea\u00a0O que Fazem os N\u00fameros?\u00a0Produ\u00e7\u00f5es, Usos e Efeitos da Quantifica\u00e7\u00e3o da Vida Cotidiana, organizado por Glaucia Maricato (Freie Universit\u00e4t Berlin) e Vitor Simonis Richter (UFRGS). O dossi\u00ea tem como objetivo contribuir para a reflex\u00e3o acerca da intensa produ\u00e7\u00e3o e circula\u00e7\u00e3o de tabelas, [&hellip;]<\/p>\n","protected":false},"author":8,"featured_media":1756,"comment_status":"open","ping_status":"open","sticky":false,"template":"","format":"standard","meta":{"_acf_changed":false,"footnotes":""},"categories":[1],"tags":[],"class_list":["post-1755","post","type-post","status-publish","format-standard","has-post-thumbnail","hentry","category-sem-categoria"],"acf":[],"_links":{"self":[{"href":"https:\/\/pos.uel.br\/ppgsoc\/wp-json\/wp\/v2\/posts\/1755","targetHints":{"allow":["GET"]}}],"collection":[{"href":"https:\/\/pos.uel.br\/ppgsoc\/wp-json\/wp\/v2\/posts"}],"about":[{"href":"https:\/\/pos.uel.br\/ppgsoc\/wp-json\/wp\/v2\/types\/post"}],"author":[{"embeddable":true,"href":"https:\/\/pos.uel.br\/ppgsoc\/wp-json\/wp\/v2\/users\/8"}],"replies":[{"embeddable":true,"href":"https:\/\/pos.uel.br\/ppgsoc\/wp-json\/wp\/v2\/comments?post=1755"}],"version-history":[{"count":3,"href":"https:\/\/pos.uel.br\/ppgsoc\/wp-json\/wp\/v2\/posts\/1755\/revisions"}],"predecessor-version":[{"id":1761,"href":"https:\/\/pos.uel.br\/ppgsoc\/wp-json\/wp\/v2\/posts\/1755\/revisions\/1761"}],"wp:featuredmedia":[{"embeddable":true,"href":"https:\/\/pos.uel.br\/ppgsoc\/wp-json\/wp\/v2\/media\/1756"}],"wp:attachment":[{"href":"https:\/\/pos.uel.br\/ppgsoc\/wp-json\/wp\/v2\/media?parent=1755"}],"wp:term":[{"taxonomy":"category","embeddable":true,"href":"https:\/\/pos.uel.br\/ppgsoc\/wp-json\/wp\/v2\/categories?post=1755"},{"taxonomy":"post_tag","embeddable":true,"href":"https:\/\/pos.uel.br\/ppgsoc\/wp-json\/wp\/v2\/tags?post=1755"}],"curies":[{"name":"wp","href":"https:\/\/api.w.org\/{rel}","templated":true}]}}