{"id":1733,"date":"2021-08-29T21:37:33","date_gmt":"2021-08-30T00:37:33","guid":{"rendered":"https:\/\/pos.uel.br\/ppgsoc\/?p=1733"},"modified":"2021-08-30T00:11:00","modified_gmt":"2021-08-30T03:11:00","slug":"concurso-literario-de-contos-da-uel","status":"publish","type":"post","link":"https:\/\/pos.uel.br\/ppgsoc\/sem-categoria\/2021\/08\/29\/concurso-literario-de-contos-da-uel\/","title":{"rendered":"Concurso Liter\u00e1rio de Contos da UEL"},"content":{"rendered":"\n<figure class=\"wp-block-image size-full\"><img loading=\"lazy\" decoding=\"async\" width=\"569\" height=\"571\" src=\"https:\/\/pos.uel.br\/ppgsoc\/wp-content\/uploads\/2021\/08\/240803599_4247362062024055_731708541565157964_n.png\" alt=\"\" class=\"wp-image-1740\" srcset=\"https:\/\/pos.uel.br\/ppgsoc\/wp-content\/uploads\/2021\/08\/240803599_4247362062024055_731708541565157964_n.png 569w, https:\/\/pos.uel.br\/ppgsoc\/wp-content\/uploads\/2021\/08\/240803599_4247362062024055_731708541565157964_n-300x300.png 300w, https:\/\/pos.uel.br\/ppgsoc\/wp-content\/uploads\/2021\/08\/240803599_4247362062024055_731708541565157964_n-150x150.png 150w\" sizes=\"auto, (max-width: 569px) 100vw, 569px\" \/><\/figure>\n\n\n\n<p>O evento faz parte da programa\u00e7\u00e3o da Semana Nacional do Livro e da Biblioteca e das comemora\u00e7\u00f5es dos&nbsp;<strong>50 anos da Universidade<\/strong>, ambos em outubro. O concurso \u00e9 aberto a todos os interessados, maiores de 16 anos, e tem como objetivo incentivar a cria\u00e7\u00e3o liter\u00e1ria na comunidade geral, assim como marcar a data e fomentar a mem\u00f3ria da UEL.<\/p>\n\n\n\n<p>O Regulamento completo est\u00e1 dispon\u00edvel no site do concurso. As inscri\u00e7\u00f5es s\u00e3o gratuitas e poder\u00e3o ser feitas at\u00e9 4 de setembro.&nbsp; O resultado do Concurso ser\u00e1 divulgado nas redes sociais da UEL e da Biblioteca, at\u00e9 7 de outubro de 2021, e no mesmo endere\u00e7o.<\/p>\n\n\n\n<p>Os textos inscritos ser\u00e3o avaliados por uma Comiss\u00e3o Julgadora, formada por especialistas em Linguagem e Literatura. Ser\u00e3o levados em conta a&nbsp;<strong>tem\u00e1tica \u201c50 anos da Universidade Estadual de Londrina\u201d<\/strong>&nbsp;e os aspectos que definem o texto liter\u00e1rio, como estrutura, linguagem, expressividade, originalidade, abordagem do tema, unidade.<\/p>\n\n\n\n<p>Para mais informa\u00e7\u00f5es acesse <a href=\"http:\/\/www.uel.br\/bc\/home\/pages\/conto-uel.php\">AQUI<\/a>.<\/p>\n","protected":false},"excerpt":{"rendered":"<p>O evento faz parte da programa\u00e7\u00e3o da Semana Nacional do Livro e da Biblioteca e das comemora\u00e7\u00f5es dos&nbsp;50 anos da Universidade, ambos em outubro. O concurso \u00e9 aberto a todos os interessados, maiores de 16 anos, e tem como objetivo incentivar a cria\u00e7\u00e3o liter\u00e1ria na comunidade geral, assim como marcar a data e fomentar a [&hellip;]<\/p>\n","protected":false},"author":8,"featured_media":1740,"comment_status":"open","ping_status":"open","sticky":false,"template":"","format":"standard","meta":{"_acf_changed":false,"footnotes":""},"categories":[1],"tags":[],"class_list":["post-1733","post","type-post","status-publish","format-standard","has-post-thumbnail","hentry","category-sem-categoria"],"acf":[],"_links":{"self":[{"href":"https:\/\/pos.uel.br\/ppgsoc\/wp-json\/wp\/v2\/posts\/1733","targetHints":{"allow":["GET"]}}],"collection":[{"href":"https:\/\/pos.uel.br\/ppgsoc\/wp-json\/wp\/v2\/posts"}],"about":[{"href":"https:\/\/pos.uel.br\/ppgsoc\/wp-json\/wp\/v2\/types\/post"}],"author":[{"embeddable":true,"href":"https:\/\/pos.uel.br\/ppgsoc\/wp-json\/wp\/v2\/users\/8"}],"replies":[{"embeddable":true,"href":"https:\/\/pos.uel.br\/ppgsoc\/wp-json\/wp\/v2\/comments?post=1733"}],"version-history":[{"count":3,"href":"https:\/\/pos.uel.br\/ppgsoc\/wp-json\/wp\/v2\/posts\/1733\/revisions"}],"predecessor-version":[{"id":1741,"href":"https:\/\/pos.uel.br\/ppgsoc\/wp-json\/wp\/v2\/posts\/1733\/revisions\/1741"}],"wp:featuredmedia":[{"embeddable":true,"href":"https:\/\/pos.uel.br\/ppgsoc\/wp-json\/wp\/v2\/media\/1740"}],"wp:attachment":[{"href":"https:\/\/pos.uel.br\/ppgsoc\/wp-json\/wp\/v2\/media?parent=1733"}],"wp:term":[{"taxonomy":"category","embeddable":true,"href":"https:\/\/pos.uel.br\/ppgsoc\/wp-json\/wp\/v2\/categories?post=1733"},{"taxonomy":"post_tag","embeddable":true,"href":"https:\/\/pos.uel.br\/ppgsoc\/wp-json\/wp\/v2\/tags?post=1733"}],"curies":[{"name":"wp","href":"https:\/\/api.w.org\/{rel}","templated":true}]}}