{"id":1611,"date":"2021-07-06T12:16:17","date_gmt":"2021-07-06T15:16:17","guid":{"rendered":"https:\/\/pos.uel.br\/ppgsoc\/?p=1611"},"modified":"2021-08-11T12:19:54","modified_gmt":"2021-08-11T15:19:54","slug":"45-encontro-anual-da-anpocs","status":"publish","type":"post","link":"https:\/\/pos.uel.br\/ppgsoc\/sem-categoria\/2021\/07\/06\/45-encontro-anual-da-anpocs\/","title":{"rendered":"45\u00b0 Encontro Anual da ANPOCS"},"content":{"rendered":"<figure class=\"wp-block-post-featured-image\"><img loading=\"lazy\" decoding=\"async\" width=\"232\" height=\"198\" src=\"https:\/\/pos.uel.br\/ppgsoc\/wp-content\/uploads\/2021\/07\/anpocs.jpg\" class=\"attachment-post-thumbnail size-post-thumbnail wp-post-image\" alt=\"\" style=\"object-fit:cover;\" \/><\/figure>\n\n\n<div class=\"wp-block-columns is-layout-flex wp-container-core-columns-is-layout-9d6595d7 wp-block-columns-is-layout-flex\">\n<div class=\"wp-block-column is-layout-flow wp-block-column-is-layout-flow\" style=\"flex-basis:100%\">\n<p>Entre os dias 19 e 27 de outubro de 2021 ocorrer\u00e1 m 45\u00b0 Encontro Anual da Associa\u00e7\u00e3o Nacional de P\u00f3s-gradua\u00e7\u00e3o em Ci\u00eancias Sociais. Por for\u00e7a da grav\u00edssima pandemia que assola o Brasil, o encontro ser\u00e1 todo virtual. Os duros desafios sanit\u00e1rios do presente, mas tamb\u00e9m aqueles relativos \u00e0s pol\u00edticas de ci\u00eancia &amp; tecnologia, \u00e0 democracia e aos Direitos Humanos, bem como a confian\u00e7a na capacidade das ci\u00eancias sociais de responderem consistentemente a eles s\u00e3o quest\u00f5es que motivam o evento.&nbsp;&nbsp;<\/p>\n<\/div>\n<\/div>\n\n\n\n<p>As atividades ser\u00e3o desenvolvidas em dois m\u00f3dulos: de 19 a 22 de outubro ocorrer\u00e3o confer\u00eancias, mesas redondas e sess\u00f5es especiais, principalmente. De 25 a 27 ocorrer\u00e3o os GTs e SPGs. Ligando os dois m\u00f3dulos, ocorrer\u00e3o debates sobre p\u00f3s-gradua\u00e7\u00e3o, pol\u00edtica cient\u00edfica e conjuntura nacional que distinguem a atua\u00e7\u00e3o da ANPOCS enquanto associa\u00e7\u00e3o cient\u00edfica. Mais informa\u00e7\u00f5es sobre o encontro podem ser acessadas <a href=\"https:\/\/www.anpocs2021.sinteseeventos.com.br\/apresentacao\" target=\"_blank\" rel=\"noreferrer noopener\"><span class=\"has-inline-color has-primary-accent-color\">aqui<\/span><\/a>.<\/p>\n","protected":false},"excerpt":{"rendered":"<p>Entre os dias 19 e 27 de outubro de 2021 ocorrer\u00e1 m 45\u00b0 Encontro Anual da Associa\u00e7\u00e3o Nacional de P\u00f3s-gradua\u00e7\u00e3o em Ci\u00eancias Sociais. Por for\u00e7a da grav\u00edssima pandemia que assola o Brasil, o encontro ser\u00e1 todo virtual. Os duros desafios sanit\u00e1rios do presente, mas tamb\u00e9m aqueles relativos \u00e0s pol\u00edticas de ci\u00eancia &amp; tecnologia, \u00e0 democracia [&hellip;]<\/p>\n","protected":false},"author":8,"featured_media":1616,"comment_status":"open","ping_status":"open","sticky":false,"template":"","format":"standard","meta":{"_acf_changed":false,"footnotes":""},"categories":[1],"tags":[],"class_list":["post-1611","post","type-post","status-publish","format-standard","has-post-thumbnail","hentry","category-sem-categoria"],"acf":[],"_links":{"self":[{"href":"https:\/\/pos.uel.br\/ppgsoc\/wp-json\/wp\/v2\/posts\/1611","targetHints":{"allow":["GET"]}}],"collection":[{"href":"https:\/\/pos.uel.br\/ppgsoc\/wp-json\/wp\/v2\/posts"}],"about":[{"href":"https:\/\/pos.uel.br\/ppgsoc\/wp-json\/wp\/v2\/types\/post"}],"author":[{"embeddable":true,"href":"https:\/\/pos.uel.br\/ppgsoc\/wp-json\/wp\/v2\/users\/8"}],"replies":[{"embeddable":true,"href":"https:\/\/pos.uel.br\/ppgsoc\/wp-json\/wp\/v2\/comments?post=1611"}],"version-history":[{"count":2,"href":"https:\/\/pos.uel.br\/ppgsoc\/wp-json\/wp\/v2\/posts\/1611\/revisions"}],"predecessor-version":[{"id":1615,"href":"https:\/\/pos.uel.br\/ppgsoc\/wp-json\/wp\/v2\/posts\/1611\/revisions\/1615"}],"wp:featuredmedia":[{"embeddable":true,"href":"https:\/\/pos.uel.br\/ppgsoc\/wp-json\/wp\/v2\/media\/1616"}],"wp:attachment":[{"href":"https:\/\/pos.uel.br\/ppgsoc\/wp-json\/wp\/v2\/media?parent=1611"}],"wp:term":[{"taxonomy":"category","embeddable":true,"href":"https:\/\/pos.uel.br\/ppgsoc\/wp-json\/wp\/v2\/categories?post=1611"},{"taxonomy":"post_tag","embeddable":true,"href":"https:\/\/pos.uel.br\/ppgsoc\/wp-json\/wp\/v2\/tags?post=1611"}],"curies":[{"name":"wp","href":"https:\/\/api.w.org\/{rel}","templated":true}]}}