{"id":1501,"date":"2021-08-09T15:01:59","date_gmt":"2021-08-09T18:01:59","guid":{"rendered":"https:\/\/pos.uel.br\/ppgsoc\/?p=1501"},"modified":"2021-08-09T15:05:28","modified_gmt":"2021-08-09T18:05:28","slug":"pre-lancamento-do-livro-a-demolicao-da-construcao-democratica-da-educacao-no-brasil-sombrio","status":"publish","type":"post","link":"https:\/\/pos.uel.br\/ppgsoc\/sem-categoria\/2021\/08\/09\/pre-lancamento-do-livro-a-demolicao-da-construcao-democratica-da-educacao-no-brasil-sombrio\/","title":{"rendered":"Pr\u00e9-lan\u00e7amento do livro &#8220;A demoli\u00e7\u00e3o da constru\u00e7\u00e3o democr\u00e1tica da educa\u00e7\u00e3o no Brasil sombrio&#8221;"},"content":{"rendered":"<figure class=\"alignleft wp-block-post-featured-image\"><img loading=\"lazy\" decoding=\"async\" width=\"450\" height=\"647\" src=\"https:\/\/pos.uel.br\/ppgsoc\/wp-content\/uploads\/2021\/08\/450xN.jpg\" class=\"attachment-post-thumbnail size-post-thumbnail wp-post-image\" alt=\"\" style=\"object-fit:cover;\" srcset=\"https:\/\/pos.uel.br\/ppgsoc\/wp-content\/uploads\/2021\/08\/450xN.jpg 450w, https:\/\/pos.uel.br\/ppgsoc\/wp-content\/uploads\/2021\/08\/450xN-209x300.jpg 209w\" sizes=\"auto, (max-width: 450px) 100vw, 450px\" \/><\/figure>\n\n\n<p>Neste livro, organizado por Idalice Ribeiro Silva Lima e R\u00e9gia Cristina Oliveira, professores-pesquisadores da \u00e1rea de Ci\u00eancias Humanas problematizaram a ascens\u00e3o das pol\u00edticas antidemocr\u00e1ticas, procurando evidenciar a demoli\u00e7\u00e3o da constru\u00e7\u00e3o democr\u00e1tica da educa\u00e7\u00e3o no Brasil. Colocaram em discuss\u00e3o as ofensivas contra as pol\u00edticas de democratiza\u00e7\u00e3o da educa\u00e7\u00e3o b\u00e1sica e superior inscritas no Movimento Escola sem Partido, na Reforma do Ensino M\u00e9dio, nas disputas pelos curr\u00edculos escolares como as que se apresentam por meio da Base Nacional Comum Curricular, no fechamento das escolas do campo, no solapamento da educa\u00e7\u00e3o ind\u00edgena, no Programa Future-se, no modus operandi do Minist\u00e9rio da Educa\u00e7\u00e3o e em outros projetos de desmantelamento e mesmo destrui\u00e7\u00e3o da edifica\u00e7\u00e3o da educa\u00e7\u00e3o democr\u00e1tica. A profa. do PPGSOC\/UEL, <a rel=\"noreferrer noopener\" href=\"https:\/\/pos.uel.br\/ppgsoc\/docentes\/\" data-type=\"URL\" data-id=\"https:\/\/pos.uel.br\/ppgsoc\/docentes\/\" target=\"_blank\">Ileizi Fiorelli Silva<\/a>, assina um dos cap\u00edtulos da obra, que tem Pref\u00e1cio de Christian Laval e Introdu\u00e7\u00e3o de Marilena Chau\u00ed. <\/p>\n\n\n\n<p><\/p>\n\n\n\n<p>Os textos aqui reunidos nos convidam a refletir sobre a educa\u00e7\u00e3o como condi\u00e7\u00e3o de possibilidade de uma sociedade democr\u00e1tica e a transbordar os diques do neoliberalismo e do neoconservadorismo que se erguem nas institui\u00e7\u00f5es educacionais para conter a democracia tamb\u00e9m nelas. Essas reflex\u00f5es instam-nos a resistir aos processos colonizadores empreendidos por grupos sociais dominantes e dirigentes hoje situados nos extremos da direita pol\u00edtica e a engendrar o que Paulo Freire chamou de \u201cmentalidades democr\u00e1ticas\u201d que possam construir e fortalecer a democracia no Brasil.<\/p>\n","protected":false},"excerpt":{"rendered":"<p>Neste livro, organizado por Idalice Ribeiro Silva Lima e R\u00e9gia Cristina Oliveira, professores-pesquisadores da \u00e1rea de Ci\u00eancias Humanas problematizaram a ascens\u00e3o das pol\u00edticas antidemocr\u00e1ticas, procurando evidenciar a demoli\u00e7\u00e3o da constru\u00e7\u00e3o democr\u00e1tica da educa\u00e7\u00e3o no Brasil. Colocaram em discuss\u00e3o as ofensivas contra as pol\u00edticas de democratiza\u00e7\u00e3o da educa\u00e7\u00e3o b\u00e1sica e superior inscritas no Movimento Escola sem [&hellip;]<\/p>\n","protected":false},"author":8,"featured_media":1502,"comment_status":"open","ping_status":"open","sticky":false,"template":"","format":"standard","meta":{"_acf_changed":false,"footnotes":""},"categories":[1],"tags":[],"class_list":["post-1501","post","type-post","status-publish","format-standard","has-post-thumbnail","hentry","category-sem-categoria"],"acf":[],"_links":{"self":[{"href":"https:\/\/pos.uel.br\/ppgsoc\/wp-json\/wp\/v2\/posts\/1501","targetHints":{"allow":["GET"]}}],"collection":[{"href":"https:\/\/pos.uel.br\/ppgsoc\/wp-json\/wp\/v2\/posts"}],"about":[{"href":"https:\/\/pos.uel.br\/ppgsoc\/wp-json\/wp\/v2\/types\/post"}],"author":[{"embeddable":true,"href":"https:\/\/pos.uel.br\/ppgsoc\/wp-json\/wp\/v2\/users\/8"}],"replies":[{"embeddable":true,"href":"https:\/\/pos.uel.br\/ppgsoc\/wp-json\/wp\/v2\/comments?post=1501"}],"version-history":[{"count":5,"href":"https:\/\/pos.uel.br\/ppgsoc\/wp-json\/wp\/v2\/posts\/1501\/revisions"}],"predecessor-version":[{"id":1507,"href":"https:\/\/pos.uel.br\/ppgsoc\/wp-json\/wp\/v2\/posts\/1501\/revisions\/1507"}],"wp:featuredmedia":[{"embeddable":true,"href":"https:\/\/pos.uel.br\/ppgsoc\/wp-json\/wp\/v2\/media\/1502"}],"wp:attachment":[{"href":"https:\/\/pos.uel.br\/ppgsoc\/wp-json\/wp\/v2\/media?parent=1501"}],"wp:term":[{"taxonomy":"category","embeddable":true,"href":"https:\/\/pos.uel.br\/ppgsoc\/wp-json\/wp\/v2\/categories?post=1501"},{"taxonomy":"post_tag","embeddable":true,"href":"https:\/\/pos.uel.br\/ppgsoc\/wp-json\/wp\/v2\/tags?post=1501"}],"curies":[{"name":"wp","href":"https:\/\/api.w.org\/{rel}","templated":true}]}}