{"id":2021,"date":"2026-03-21T13:45:18","date_gmt":"2026-03-21T16:45:18","guid":{"rendered":"https:\/\/pos.uel.br\/ppgci\/?p=2021"},"modified":"2026-03-21T13:45:18","modified_gmt":"2026-03-21T16:45:18","slug":"programa-de-bolsas-de-mestrado-e-doutorado-capes-demanda-social-2026","status":"publish","type":"post","link":"https:\/\/pos.uel.br\/ppgci\/sem-categoria\/2026\/03\/21\/programa-de-bolsas-de-mestrado-e-doutorado-capes-demanda-social-2026\/","title":{"rendered":"Programa de Bolsas de Mestrado e Doutorado CAPES\/Demanda Social 2026"},"content":{"rendered":"\n<p>O Programa de P\u00f3s-gradua\u00e7\u00e3o em Ci\u00eancia da Informa\u00e7\u00e3o da UEL faz saber aos(as) interessados(as), ingressantes no Mestrado e Doutorado em 2026, que estar\u00e3o abertas nos dias 21 de mar\u00e7o at\u00e9 as 12:00h <strong>(impreterivelmente)<\/strong> do dia 23 de mar\u00e7o de 2026, as inscri\u00e7\u00f5es de candidatos ao Programa de Bolsas de Mestrado e Doutorado CAPES\/Demanda Social 2026:<\/p>\n\n\n\n<p><strong>EDITAL N\u00ba 04\/2026<\/strong> completo <a href=\"https:\/\/pos.uel.br\/ppgci\/wp-content\/uploads\/2026\/03\/EDITAL_BOLSASMD_26_publi-com-link-ane.pdf\">acesse aqui.<\/a><\/p>\n\n\n\n<p><\/p>\n","protected":false},"excerpt":{"rendered":"<p>O Programa de P\u00f3s-gradua\u00e7\u00e3o em Ci\u00eancia da Informa\u00e7\u00e3o da UEL faz saber aos(as) interessados(as), ingressantes no Mestrado e Doutorado em 2026, que estar\u00e3o abertas nos dias 21 de mar\u00e7o at\u00e9 as 12:00h (impreterivelmente) do dia 23 de mar\u00e7o de 2026, as inscri\u00e7\u00f5es de candidatos ao Programa de Bolsas de Mestrado e Doutorado CAPES\/Demanda Social 2026: [&hellip;]<\/p>\n","protected":false},"author":9,"featured_media":0,"comment_status":"open","ping_status":"open","sticky":false,"template":"","format":"standard","meta":{"footnotes":""},"categories":[1],"tags":[],"class_list":["post-2021","post","type-post","status-publish","format-standard","hentry","category-sem-categoria"],"_links":{"self":[{"href":"https:\/\/pos.uel.br\/ppgci\/wp-json\/wp\/v2\/posts\/2021","targetHints":{"allow":["GET"]}}],"collection":[{"href":"https:\/\/pos.uel.br\/ppgci\/wp-json\/wp\/v2\/posts"}],"about":[{"href":"https:\/\/pos.uel.br\/ppgci\/wp-json\/wp\/v2\/types\/post"}],"author":[{"embeddable":true,"href":"https:\/\/pos.uel.br\/ppgci\/wp-json\/wp\/v2\/users\/9"}],"replies":[{"embeddable":true,"href":"https:\/\/pos.uel.br\/ppgci\/wp-json\/wp\/v2\/comments?post=2021"}],"version-history":[{"count":1,"href":"https:\/\/pos.uel.br\/ppgci\/wp-json\/wp\/v2\/posts\/2021\/revisions"}],"predecessor-version":[{"id":2022,"href":"https:\/\/pos.uel.br\/ppgci\/wp-json\/wp\/v2\/posts\/2021\/revisions\/2022"}],"wp:attachment":[{"href":"https:\/\/pos.uel.br\/ppgci\/wp-json\/wp\/v2\/media?parent=2021"}],"wp:term":[{"taxonomy":"category","embeddable":true,"href":"https:\/\/pos.uel.br\/ppgci\/wp-json\/wp\/v2\/categories?post=2021"},{"taxonomy":"post_tag","embeddable":true,"href":"https:\/\/pos.uel.br\/ppgci\/wp-json\/wp\/v2\/tags?post=2021"}],"curies":[{"name":"wp","href":"https:\/\/api.w.org\/{rel}","templated":true}]}}