{"id":1995,"date":"2026-02-09T19:20:08","date_gmt":"2026-02-09T22:20:08","guid":{"rendered":"https:\/\/pos.uel.br\/ppgci\/?p=1995"},"modified":"2026-03-06T19:28:15","modified_gmt":"2026-03-06T22:28:15","slug":"edital-no-01-2026-estudante-especial-1o-semestre-2026","status":"publish","type":"post","link":"https:\/\/pos.uel.br\/ppgci\/sem-categoria\/2026\/02\/09\/edital-no-01-2026-estudante-especial-1o-semestre-2026\/","title":{"rendered":"ESTUDANTE ESPECIAL DE MESTRADO E DOUTORADO EM CI\u00caNCIA DA INFORMA\u00c7\u00c3O 2026\/01"},"content":{"rendered":"\n<p>A Comiss\u00e3o Coordenadora do Programa de P\u00f3s-Gradua\u00e7\u00e3o em Ci\u00eancia da Informa\u00e7\u00e3o, da Universidade Estadual de Londrina-UEL, no uso de suas atribui\u00e7\u00f5es administrativas e em conformidade com o Edital PROPPG\/DPG\/DAM, torna p\u00fablico aos interessados as normas e os procedimentos a serem obedecidos no processo de sele\u00e7\u00e3o para o preenchimento de vagas como estudantes especiais de Mestrado e\/ou Doutorado, a terem in\u00edcio no primeiro per\u00edodo letivo de 2026, a partir de 16 de mar\u00e7o de 2026.<\/p>\n\n\n\n<p>EDITAL N\u00ba 01\/2026 \u2013 SELE\u00c7\u00c3O &#8211; ESTUDANTE ESPECIAL 1\u00ba SEMESTRE 2026,&nbsp;<a href=\"https:\/\/pos.uel.br\/ppgci\/editais\/edital-no-01-2026-estudante-especial-1o-semestre-2026\/\" data-type=\"link\" data-id=\"https:\/\/pos.uel.br\/ppgci\/editais\/edital-no-01-2026-estudante-especial-1o-semestre-2026\/\">acesse aqui<\/a>.<\/p>\n\n\n\n<p>EDITAL N\u00ba 02\/2026 \u2013 PEDIDOS DE INSEN\u00c7\u00c3O DEFERIDOS, <a href=\"https:\/\/pos.uel.br\/ppgci\/editais\/edital-no-02-2026-estudante-especial-1o-semestre-2026\/\" data-type=\"link\" data-id=\"https:\/\/pos.uel.br\/ppgci\/editais\/edital-no-02-2026-estudante-especial-1o-semestre-2026\/\">acesse aqui<\/a>.<\/p>\n\n\n\n<p>EDITAL N\u00b0 03\/2026 &#8211; DIVULGA\u00c7\u00c3O DE RESULTADO E CONVOCA\u00c7\u00c3O PARA MATR\u00cdCULA, <a href=\"https:\/\/pos.uel.br\/ppgci\/editais\/edital-n03-2026-divulgacao-de-resultado-e-convocacao-para-matricula\/\" data-type=\"link\" data-id=\"https:\/\/pos.uel.br\/ppgci\/editais\/edital-n03-2026-divulgacao-de-resultado-e-convocacao-para-matricula\/\">acesse aqui<\/a>.<\/p>\n","protected":false},"excerpt":{"rendered":"<p>A Comiss\u00e3o Coordenadora do Programa de P\u00f3s-Gradua\u00e7\u00e3o em Ci\u00eancia da Informa\u00e7\u00e3o, da Universidade Estadual de Londrina-UEL, no uso de suas atribui\u00e7\u00f5es administrativas e em conformidade com o Edital PROPPG\/DPG\/DAM, torna p\u00fablico aos interessados as normas e os procedimentos a serem obedecidos no processo de sele\u00e7\u00e3o para o preenchimento de vagas como estudantes especiais de Mestrado [&hellip;]<\/p>\n","protected":false},"author":9,"featured_media":0,"comment_status":"open","ping_status":"open","sticky":false,"template":"","format":"standard","meta":{"footnotes":""},"categories":[1],"tags":[],"class_list":["post-1995","post","type-post","status-publish","format-standard","hentry","category-sem-categoria"],"_links":{"self":[{"href":"https:\/\/pos.uel.br\/ppgci\/wp-json\/wp\/v2\/posts\/1995","targetHints":{"allow":["GET"]}}],"collection":[{"href":"https:\/\/pos.uel.br\/ppgci\/wp-json\/wp\/v2\/posts"}],"about":[{"href":"https:\/\/pos.uel.br\/ppgci\/wp-json\/wp\/v2\/types\/post"}],"author":[{"embeddable":true,"href":"https:\/\/pos.uel.br\/ppgci\/wp-json\/wp\/v2\/users\/9"}],"replies":[{"embeddable":true,"href":"https:\/\/pos.uel.br\/ppgci\/wp-json\/wp\/v2\/comments?post=1995"}],"version-history":[{"count":3,"href":"https:\/\/pos.uel.br\/ppgci\/wp-json\/wp\/v2\/posts\/1995\/revisions"}],"predecessor-version":[{"id":2015,"href":"https:\/\/pos.uel.br\/ppgci\/wp-json\/wp\/v2\/posts\/1995\/revisions\/2015"}],"wp:attachment":[{"href":"https:\/\/pos.uel.br\/ppgci\/wp-json\/wp\/v2\/media?parent=1995"}],"wp:term":[{"taxonomy":"category","embeddable":true,"href":"https:\/\/pos.uel.br\/ppgci\/wp-json\/wp\/v2\/categories?post=1995"},{"taxonomy":"post_tag","embeddable":true,"href":"https:\/\/pos.uel.br\/ppgci\/wp-json\/wp\/v2\/tags?post=1995"}],"curies":[{"name":"wp","href":"https:\/\/api.w.org\/{rel}","templated":true}]}}