{"id":1955,"date":"2025-10-23T22:47:20","date_gmt":"2025-10-24T01:47:20","guid":{"rendered":"https:\/\/pos.uel.br\/ppgci\/?p=1955"},"modified":"2025-10-23T22:47:20","modified_gmt":"2025-10-24T01:47:20","slug":"selecao-interna-de-candidatos-ao-programa-de-doutorado-sanduiche-no-exterior","status":"publish","type":"post","link":"https:\/\/pos.uel.br\/ppgci\/sem-categoria\/2025\/10\/23\/selecao-interna-de-candidatos-ao-programa-de-doutorado-sanduiche-no-exterior\/","title":{"rendered":"SELE\u00c7\u00c3O INTERNA DE CANDIDATOS AO PROGRAMA DE DOUTORADO SANDU\u00cdCHE NO EXTERIOR"},"content":{"rendered":"\n<p>No per\u00edodo de 22\/10\/2025 a 16\/01\/2026\u00a0estar\u00e3o abertas as inscri\u00e7\u00f5es para o processo de sele\u00e7\u00e3o interna de candidatos do Programa de P\u00f3s-Gradua\u00e7\u00e3o em Ci\u00eancia da Informa\u00e7\u00e3o \u2013 PPGCI UEL, \u00a0para participa\u00e7\u00e3o no\u00a0Programa Institucional de Doutorado Sandu\u00edche no Exterior, de acordo com o Edital\u00a0CAPES n.\u00ba 17\/2025 \u2013PDSE e Edital PROPPG 48\/2025, publicado em 26\/08\/2025.<\/p>\n\n\n\n<p><strong>EDITAL 16\/2025 &#8211; SELE\u00c7\u00c3O INTERNA DE CANDIDATOS AO PROGRAMA DE DOUTORADO SANDU\u00cdCHE NO EXTERIOR DE ACORDO COM O EDITAL\u00a0CAPES N.\u00ba 17\/2025<\/strong>, <a href=\"https:\/\/pos.uel.br\/ppgci\/editais\/edital-16-2025-selecao-interna-de-candidatos-ao-programa-de-doutorado-sanduiche-no-exterior\/\">acesse aqui.<\/a><\/p>\n\n\n\n<p><strong>ANEXOS PARA <strong>SELE\u00c7\u00c3O INTERNA DE CANDIDATOS AO PROGRAMA DE DOUTORADO SANDU\u00cdCHE NO EXTERIOR<\/strong><\/strong>, <a href=\"https:\/\/pos.uel.br\/ppgci\/editais\/anexos-edital-16-2025\/\" data-type=\"link\" data-id=\"https:\/\/pos.uel.br\/ppgci\/editais\/anexos-edital-16-2025\/\">acesse aqui.<\/a><\/p>\n\n\n\n<p><\/p>\n","protected":false},"excerpt":{"rendered":"<p>No per\u00edodo de 22\/10\/2025 a 16\/01\/2026\u00a0estar\u00e3o abertas as inscri\u00e7\u00f5es para o processo de sele\u00e7\u00e3o interna de candidatos do Programa de P\u00f3s-Gradua\u00e7\u00e3o em Ci\u00eancia da Informa\u00e7\u00e3o \u2013 PPGCI UEL, \u00a0para participa\u00e7\u00e3o no\u00a0Programa Institucional de Doutorado Sandu\u00edche no Exterior, de acordo com o Edital\u00a0CAPES n.\u00ba 17\/2025 \u2013PDSE e Edital PROPPG 48\/2025, publicado em 26\/08\/2025. EDITAL 16\/2025 &#8211; [&hellip;]<\/p>\n","protected":false},"author":9,"featured_media":0,"comment_status":"open","ping_status":"open","sticky":false,"template":"","format":"standard","meta":{"footnotes":""},"categories":[1],"tags":[],"class_list":["post-1955","post","type-post","status-publish","format-standard","hentry","category-sem-categoria"],"_links":{"self":[{"href":"https:\/\/pos.uel.br\/ppgci\/wp-json\/wp\/v2\/posts\/1955","targetHints":{"allow":["GET"]}}],"collection":[{"href":"https:\/\/pos.uel.br\/ppgci\/wp-json\/wp\/v2\/posts"}],"about":[{"href":"https:\/\/pos.uel.br\/ppgci\/wp-json\/wp\/v2\/types\/post"}],"author":[{"embeddable":true,"href":"https:\/\/pos.uel.br\/ppgci\/wp-json\/wp\/v2\/users\/9"}],"replies":[{"embeddable":true,"href":"https:\/\/pos.uel.br\/ppgci\/wp-json\/wp\/v2\/comments?post=1955"}],"version-history":[{"count":1,"href":"https:\/\/pos.uel.br\/ppgci\/wp-json\/wp\/v2\/posts\/1955\/revisions"}],"predecessor-version":[{"id":1956,"href":"https:\/\/pos.uel.br\/ppgci\/wp-json\/wp\/v2\/posts\/1955\/revisions\/1956"}],"wp:attachment":[{"href":"https:\/\/pos.uel.br\/ppgci\/wp-json\/wp\/v2\/media?parent=1955"}],"wp:term":[{"taxonomy":"category","embeddable":true,"href":"https:\/\/pos.uel.br\/ppgci\/wp-json\/wp\/v2\/categories?post=1955"},{"taxonomy":"post_tag","embeddable":true,"href":"https:\/\/pos.uel.br\/ppgci\/wp-json\/wp\/v2\/tags?post=1955"}],"curies":[{"name":"wp","href":"https:\/\/api.w.org\/{rel}","templated":true}]}}