{"id":1940,"date":"2025-10-21T22:21:00","date_gmt":"2025-10-22T01:21:00","guid":{"rendered":"https:\/\/pos.uel.br\/ppgci\/?p=1940"},"modified":"2025-10-21T22:21:01","modified_gmt":"2025-10-22T01:21:01","slug":"iii-forum-nacional-de-organizacao-e-representacao-do-conhecimento-e-da-informacao","status":"publish","type":"post","link":"https:\/\/pos.uel.br\/ppgci\/sem-categoria\/2025\/10\/21\/iii-forum-nacional-de-organizacao-e-representacao-do-conhecimento-e-da-informacao\/","title":{"rendered":"III F\u00f3rum Nacional de Organiza\u00e7\u00e3o e Representa\u00e7\u00e3o do Conhecimento e da Informa\u00e7\u00e3o"},"content":{"rendered":"<div class=\"wp-block-image\">\n<figure class=\"alignleft size-full is-resized\"><img loading=\"lazy\" decoding=\"async\" width=\"656\" height=\"185\" src=\"https:\/\/pos.uel.br\/ppgci\/wp-content\/uploads\/2025\/10\/Imagem1.png\" alt=\"\" class=\"wp-image-1941\" style=\"width:608px;height:auto\" srcset=\"https:\/\/pos.uel.br\/ppgci\/wp-content\/uploads\/2025\/10\/Imagem1.png 656w, https:\/\/pos.uel.br\/ppgci\/wp-content\/uploads\/2025\/10\/Imagem1-300x85.png 300w\" sizes=\"auto, (max-width: 656px) 100vw, 656px\" \/><\/figure>\n<\/div>\n\n\n<h3 class=\"wp-block-heading\">Objetivos<\/h3>\n\n\n\n<p>A partir da tem\u00e1tica \u201cDimens\u00f5es socioculturais da Documenta\u00e7\u00e3o Museol\u00f3gica\u201d o F\u00f3rum Nacional de Organiza\u00e7\u00e3o e Representa\u00e7\u00e3o do Conhecimento e da Informa\u00e7\u00e3o (FORCI), se apresenta como um espa\u00e7o de articula\u00e7\u00e3o acad\u00eamica e profissional voltado \u00e0 discuss\u00e3o de tem\u00e1ticas relevantes na Ci\u00eancia da Informa\u00e7\u00e3o e \u00e1reas correlatas.<\/p>\n\n\n\n<ul class=\"wp-block-list\">\n<li>Discutir os fundamentos te\u00f3ricos e metodol\u00f3gicos da Organiza\u00e7\u00e3o e Representa\u00e7\u00e3o do Conhecimento e da Informa\u00e7\u00e3o, no \u00e2mbito da Ci\u00eancia da Informa\u00e7\u00e3o, a partir da perspectiva social e cultural.<\/li>\n\n\n\n<li>Ser um espa\u00e7o de integra\u00e7\u00e3o entre pesquisadores, profissionais e estudantes da Ci\u00eancia da Informa\u00e7\u00e3o e \u00e1reas afins, favorecendo a troca de conhecimentos e metodologias acerca da Organiza\u00e7\u00e3o e Representa\u00e7\u00e3o do Conhecimento e da Informa\u00e7\u00e3o.<\/li>\n\n\n\n<li>Identificar desafios e propor estrat\u00e9gias para o desenvolvimento de instrumentos, processos e produtos no \u00e2mbito da Organiza\u00e7\u00e3o do Conhecimento e da Informa\u00e7\u00e3o com \u00eanfase nas pol\u00edticas e tecnologias referentes ao tratamento do conhecimento e da informa\u00e7\u00e3o.<\/li>\n<\/ul>\n\n\n\n<h3 class=\"wp-block-heading\">Datas importantes, n\u00e3o perca!<\/h3>\n\n\n\n<p>INSCRI\u00c7\u00d5ES<\/p>\n\n\n\n<p><strong>1\u00ba LOTE: De 20 de outubro at\u00e9 20 de novembro<\/strong><\/p>\n\n\n\n<ul class=\"wp-block-list\">\n<li>Participantes (estudantes de p\u00f3s-gradua\u00e7\u00e3o, docentes, profissionais e p\u00fablico em geral) \u2013 R$ 45,00<\/li>\n\n\n\n<li>Estudantes de gradua\u00e7\u00e3o \u2013 R$ 25,00<\/li>\n<\/ul>\n\n\n\n<p><strong>2\u00ba LOTE: De 21 de novembro at\u00e9 1 de dezembro de 2025<\/strong><\/p>\n\n\n\n<ul class=\"wp-block-list\">\n<li>Participantes (estudantes de p\u00f3s-gradua\u00e7\u00e3o, docentes, profissionais e p\u00fablico em geral) \u2013 R$ 50,00<\/li>\n\n\n\n<li>Estudantes de gradua\u00e7\u00e3o \u2013 R$ 30,00<\/li>\n<\/ul>\n\n\n\n<h2 class=\"wp-block-heading\">Submiss\u00f5es<\/h2>\n\n\n\n<p><strong>20 DE OUTURBRO A 24 DE NOVEMBRO DE 2025<\/strong><\/p>\n\n\n\n<p>Link para inscri\u00e7\u00f5es e submiss\u00e3o:\u00a0<a href=\"http:\/\/www.uel.br\/eventos\/sigec\/?id=11237\" target=\"_blank\" rel=\"noreferrer noopener\">http:\/\/www.uel.br\/eventos\/sigec\/?id=11237<\/a><\/p>\n\n\n\n<figure class=\"wp-block-image alignwide size-full\"><img loading=\"lazy\" decoding=\"async\" width=\"600\" height=\"122\" src=\"https:\/\/pos.uel.br\/ppgci\/wp-content\/uploads\/2025\/10\/image.png\" alt=\"\" class=\"wp-image-1943\" srcset=\"https:\/\/pos.uel.br\/ppgci\/wp-content\/uploads\/2025\/10\/image.png 600w, https:\/\/pos.uel.br\/ppgci\/wp-content\/uploads\/2025\/10\/image-300x61.png 300w\" sizes=\"auto, (max-width: 600px) 100vw, 600px\" \/><\/figure>\n\n\n\n<h3 class=\"wp-block-heading has-text-align-center\">Programa\u00e7\u00e3o Preliminar 03|12|2025<\/h3>\n\n\n\n<p class=\"has-text-align-left\">8H30 \u00c0S 12H30<\/p>\n\n\n\n<p class=\"has-text-align-left\"><strong>OFICINA:<\/strong>\u00a0Documenta\u00e7\u00e3o museol\u00f3gica: perspectivas para uma documenta\u00e7\u00e3o colaborativa.<\/p>\n\n\n\n<p><strong>Condu\u00e7\u00e3o:&nbsp;<\/strong><a href=\"http:\/\/lattes.cnpq.br\/3472624287420319\" target=\"_blank\" rel=\"noreferrer noopener\">Ms. Let\u00edcia Felix Voltolini (Doutoranda em Ci\u00eancia da Informa\u00e7\u00e3o pela Universidade Federal de Santa Catarina &#8211; PGCIN)<\/a><\/p>\n\n\n\n<p>\u200b<strong>Local:&nbsp;<\/strong>Sala 623 &#8211; CECA | UEL.<\/p>\n\n\n<div class=\"wp-block-image\">\n<figure class=\"alignright is-resized\"><img decoding=\"async\" src=\"https:\/\/static.wixstatic.com\/media\/de057c_3a0a0badd972434282e89662b907802a~mv2.png\/v1\/fill\/w_237,h_296,al_c,q_85,usm_0.66_1.00_0.01,enc_avif,quality_auto\/de057c_3a0a0badd972434282e89662b907802a~mv2.png\" alt=\"forc\u00ed (4).png\" style=\"width:193px;height:auto\" \/><\/figure>\n<\/div>\n\n\n<p><strong>\u200bEmenta:\u00a0<\/strong>A oficina aborda os fundamentos da documenta\u00e7\u00e3o museol\u00f3gica, destacando seus objetivos, fun\u00e7\u00f5es e relev\u00e2ncia para a gest\u00e3o e a interpreta\u00e7\u00e3o de acervos. Ser\u00e3o discutidos os processos de padroniza\u00e7\u00e3o da informa\u00e7\u00e3o, com \u00eanfase nos instrumentos nacionais, como o Invent\u00e1rio Nacional de Museus e Bibliotecas (INMB), e em padr\u00f5es internacionais de metadados. Tamb\u00e9m ser\u00e3o explorados os limites das pr\u00e1ticas tradicionais e apresentados caminhos para uma documenta\u00e7\u00e3o museol\u00f3gica colaborativa e inclusiva, com exemplos de plataformas de descri\u00e7\u00e3o coletiva que favorecem a participa\u00e7\u00e3o das comunidades na constru\u00e7\u00e3o de narrativas e no enriquecimento dos registros museol\u00f3gicos.<br><strong>Objetivos:<\/strong><br>\u25cf Compreender os fundamentos, fun\u00e7\u00f5es e import\u00e2ncia da documenta\u00e7\u00e3o museol\u00f3gica para a gest\u00e3o e a interpreta\u00e7\u00e3o de acervos.<br>\u25cf Discutir os processos de padroniza\u00e7\u00e3o da informa\u00e7\u00e3o e o uso de instrumentos nacionais, como o INMB, em di\u00e1logo com padr\u00f5es internacionais de metadados.<br>\u25cf Refletir sobre os limites das pr\u00e1ticas documentais tradicionais e suas implica\u00e7\u00f5es na representa\u00e7\u00e3o cultural.<br>\u25cf Explorar perspectivas e metodologias para uma documenta\u00e7\u00e3o museol\u00f3gica colaborativa e inclusiva.<\/p>\n\n\n\n<p><\/p>\n\n\n\n<p class=\"has-text-align-left\">14h30 \u00c0S 17H30<\/p>\n\n\n\n<p><strong>F\u00d3RUM:&nbsp;<\/strong>Apresenta\u00e7\u00e3o e mesa de debates dos trabalhos submetidos.<\/p>\n\n\n\n<p><strong>Condu\u00e7\u00e3o:<\/strong>&nbsp;<a href=\"http:\/\/lattes.cnpq.br\/0576110661247534\" target=\"_blank\" rel=\"noreferrer noopener\">Ms. Carlos Eduardo da Silva Carvalho<\/a>.<\/p>\n\n\n\n<p>O f\u00f3rum re\u00fane, em formato de apresenta\u00e7\u00e3o e discuss\u00e3o, os trabalhos que ser\u00e3o submetidos ao evento com a condu\u00e7\u00e3o, media\u00e7\u00e3o e discuss\u00e3o de um professor especialista.<\/p>\n\n\n\n<p><strong>Local:\u00a0<\/strong>Sala de eventos do CLCH | UEL.<\/p>\n\n\n\n<p>\u200b<\/p>\n\n\n\n<p class=\"has-text-align-left\">19h00 \u00c0S 20H00<\/p>\n\n\n\n<p><strong>MESA DE ABERTURA OFICIAL DO EVENTO<\/strong>: Abertura com a fala dos coordenadores e parceiros em promo\u00e7\u00e3o do evento, cerimonial, atividade cultural.<\/p>\n\n\n\n<p><strong>Condu\u00e7\u00e3o:&nbsp;<\/strong><a href=\"http:\/\/lattes.cnpq.br\/4752632781155101\" target=\"_blank\" rel=\"noreferrer noopener\">Profa. Dra. Ana Cristina de Albuquerque<\/a>&nbsp;(Coordenadora Geral do Evento);<\/p>\n\n\n\n<p><a href=\"http:\/\/lattes.cnpq.br\/4749820780558382\" target=\"_blank\" rel=\"noreferrer noopener\">Profa. Dra. Let\u00edcia Gorri Molina\u00a0<\/a>(Coordenadora do PPGCI UEL).<\/p>\n\n\n\n<p><strong>Local:\u00a0<\/strong>Sala de eventos do CLCH | UEL.<\/p>\n\n\n\n<p>\u200b<\/p>\n\n\n\n<p class=\"has-text-align-left\">20h00 \u00c0S 22H00<\/p>\n\n\n\n<p><strong>CONFERENCIA DE ABERTURA<\/strong>: XXXXXXX.<\/p>\n\n\n\n<p><strong>Local:&nbsp;<\/strong>Sala de eventos do CLCH | UEL.<\/p>\n\n\n\n<p><strong>Condu\u00e7\u00e3o:<\/strong>&nbsp;<a href=\"http:\/\/lattes.cnpq.br\/6305102076032900\" target=\"_blank\" rel=\"noreferrer noopener\">Profa. Dra. Renata Cardozo Padilha<\/a>&nbsp;\u2013 Universidade Federal de Santa Catarina (UFSC) Doutora em Ci\u00eancia da Informa\u00e7\u00e3o pela Universidade Federal de Santa Catarina (UFSC).<\/p>\n\n\n\n<p><\/p>\n\n\n\n<h3 class=\"wp-block-heading has-text-align-center\">Programa\u00e7\u00e3o Preliminar 04|12|2025<\/h3>\n\n\n\n<p>14h30 \u00c0S 17H30<\/p>\n\n\n\n<p><strong>F\u00d3RUM:<\/strong>&nbsp;Apresenta\u00e7\u00e3o e mesa de debates dos trabalhos submetidos.<\/p>\n\n\n\n<p><strong>Condu\u00e7\u00e3o:&nbsp;<\/strong><a href=\"http:\/\/lattes.cnpq.br\/4065012857990125\" target=\"_blank\" rel=\"noreferrer noopener\">Prof. Dr. Wilson Veronez.<\/a><\/p>\n\n\n\n<p><strong>Local:&nbsp;<\/strong>Sala de eventos do CLCH | UEL.<\/p>\n\n\n\n<p><\/p>\n\n\n\n<p>19h00 \u00e0s 20h<\/p>\n\n\n\n<p><strong>MESA REDONDA:&nbsp;<\/strong>Dimens\u00f5es sociais da Documenta\u00e7\u00e3o Museol\u00f3gica.<\/p>\n\n\n\n<p><strong>Local:&nbsp;<\/strong>Sala de eventos do CLCH | UEL.<\/p>\n\n\n\n<p>\u200b<\/p>\n\n\n\n<p>22h00<\/p>\n\n\n\n<p><strong>ENCERRAMENTO<\/strong>: Coordena\u00e7\u00e3o Geral e Comiss\u00e3o Organizadora.<\/p>\n\n\n\n<p><strong>Local:&nbsp;<\/strong>Sala de eventos do CLCH | UEL.<\/p>\n\n\n\n<h2 class=\"wp-block-heading\">Para mais informa\u00e7\u00f5es, visite o site oficial do evento<\/h2>\n\n\n\n<p><a href=\"https:\/\/oricrievento.wixsite.com\/forci\">https:\/\/oricrievento.wixsite.com\/forci<\/a><\/p>\n\n\n\n<p><\/p>\n","protected":false},"excerpt":{"rendered":"<p>Objetivos A partir da tem\u00e1tica \u201cDimens\u00f5es socioculturais da Documenta\u00e7\u00e3o Museol\u00f3gica\u201d o F\u00f3rum Nacional de Organiza\u00e7\u00e3o e Representa\u00e7\u00e3o do Conhecimento e da Informa\u00e7\u00e3o (FORCI), se apresenta como um espa\u00e7o de articula\u00e7\u00e3o acad\u00eamica e profissional voltado \u00e0 discuss\u00e3o de tem\u00e1ticas relevantes na Ci\u00eancia da Informa\u00e7\u00e3o e \u00e1reas correlatas. Datas importantes, n\u00e3o perca! INSCRI\u00c7\u00d5ES 1\u00ba LOTE: De 20 [&hellip;]<\/p>\n","protected":false},"author":9,"featured_media":0,"comment_status":"open","ping_status":"open","sticky":false,"template":"","format":"standard","meta":{"footnotes":""},"categories":[1],"tags":[],"class_list":["post-1940","post","type-post","status-publish","format-standard","hentry","category-sem-categoria"],"_links":{"self":[{"href":"https:\/\/pos.uel.br\/ppgci\/wp-json\/wp\/v2\/posts\/1940","targetHints":{"allow":["GET"]}}],"collection":[{"href":"https:\/\/pos.uel.br\/ppgci\/wp-json\/wp\/v2\/posts"}],"about":[{"href":"https:\/\/pos.uel.br\/ppgci\/wp-json\/wp\/v2\/types\/post"}],"author":[{"embeddable":true,"href":"https:\/\/pos.uel.br\/ppgci\/wp-json\/wp\/v2\/users\/9"}],"replies":[{"embeddable":true,"href":"https:\/\/pos.uel.br\/ppgci\/wp-json\/wp\/v2\/comments?post=1940"}],"version-history":[{"count":5,"href":"https:\/\/pos.uel.br\/ppgci\/wp-json\/wp\/v2\/posts\/1940\/revisions"}],"predecessor-version":[{"id":1947,"href":"https:\/\/pos.uel.br\/ppgci\/wp-json\/wp\/v2\/posts\/1940\/revisions\/1947"}],"wp:attachment":[{"href":"https:\/\/pos.uel.br\/ppgci\/wp-json\/wp\/v2\/media?parent=1940"}],"wp:term":[{"taxonomy":"category","embeddable":true,"href":"https:\/\/pos.uel.br\/ppgci\/wp-json\/wp\/v2\/categories?post=1940"},{"taxonomy":"post_tag","embeddable":true,"href":"https:\/\/pos.uel.br\/ppgci\/wp-json\/wp\/v2\/tags?post=1940"}],"curies":[{"name":"wp","href":"https:\/\/api.w.org\/{rel}","templated":true}]}}