{"id":1884,"date":"2025-09-02T09:32:42","date_gmt":"2025-09-02T12:32:42","guid":{"rendered":"https:\/\/pos.uel.br\/ppgci\/?p=1884"},"modified":"2025-12-05T15:48:36","modified_gmt":"2025-12-05T18:48:36","slug":"ingresso-estudante-regular-2026-1","status":"publish","type":"post","link":"https:\/\/pos.uel.br\/ppgci\/noticias\/2025\/09\/02\/ingresso-estudante-regular-2026-1\/","title":{"rendered":"INGRESSO ESTUDANTE REGULAR 2026\/1"},"content":{"rendered":"\n<p>A Comiss\u00e3o Coordenadora do Programa de P\u00f3s-Gradua\u00e7\u00e3o em Ci\u00eancia da Informa\u00e7\u00e3o, da Universidade Estadual de Londrina-UEL (PPGCI UEL),&nbsp; no uso de suas atribui\u00e7\u00f5es administrativas e em conformidade com o Edital PROPPG\/DPG\/DAM, torna p\u00fablico aos interessados as normas e os procedimentos a serem obedecidos no processo de sele\u00e7\u00e3o para o preenchimento de vagas regulares dos cursos de mestrado e doutorado, a terem in\u00edcio em 16 de mar\u00e7o de 2026, primeiro per\u00edodo letivo de 2026.<\/p>\n\n\n\n<p><strong>EDITAL N\u00ba 11\/2025 \u2013 INGRESSO ESTUDANTE REGULAR 2026\/1<\/strong>,<a href=\"https:\/\/pos.uel.br\/ppgci\/wp-content\/uploads\/2025\/09\/edital-estudante-regular-2026.pdf\"> acesse aqui<\/a>.<\/p>\n\n\n\n<p><strong>EDITAL N\u00ba12\/2025 \u2013 RETIFICA\u00c7\u00c3O &#8211; INGRESSO ESTUDANTE REGULAR 2026\/1<\/strong>, <a href=\"https:\/\/pos.uel.br\/ppgci\/wp-content\/uploads\/2025\/09\/edital-estudante-regular-2026_retificado.pdf\">acesse aqui<\/a>.<\/p>\n\n\n\n<p><strong>EDITAL N\u00ba 13\/2025 &#8211; PEDIDO DE ISEN\u00c7\u00c3O<\/strong>, <a href=\"https:\/\/pos.uel.br\/ppgci\/wp-content\/uploads\/2025\/09\/EDITAL-de-isencao-1-2026-1.pdf\">acesse aqui<\/a>.<\/p>\n\n\n\n<p><strong>EDITAL N\u00ba 14\/2025 &#8211; PEDIDOS DE ISEN\u00c7\u00c3O DEFERIDOS E INDEFERIDOS<\/strong>, <a href=\"https:\/\/pos.uel.br\/ppgci\/wp-content\/uploads\/2025\/09\/Edital-Isencao-CadUnico-2026-1.pdf\">acesse aqui<\/a>.<\/p>\n\n\n\n<p><strong>EDITAL N\u00ba 15\/2025 &#8211; NOVA RETIFICA\u00c7\u00c3O &#8211; INGRESSO ESTUDANTE REGULAR 2026\/1<\/strong>, <a href=\"https:\/\/pos.uel.br\/ppgci\/wp-content\/uploads\/2025\/09\/edital-estudante-regular-2026_retificado15set25.pdf\">acesse aqui<\/a>.<\/p>\n\n\n\n<p><strong>EDITAL N\u00ba 15\/2025 \u2013 INGRESSO ESTUDANTE REGULAR 2026\/1 &#8211; RETIFICADO EM 24 DE OUTUBRO DE 2025<\/strong>, <a href=\"https:\/\/pos.uel.br\/ppgci\/?post_type=editais&amp;p=1959&amp;preview=true\">acesse aqui<\/a>.<\/p>\n\n\n\n<p><strong>EDITAL N\u00ba 17\/2025 \u2013 HOMOLOGA\u00c7\u00c3O INSCRITOS INGRESSO 2026\/1<\/strong>, <a href=\"https:\/\/pos.uel.br\/ppgci\/editais\/edital-no-17-2025-homologacao-inscritos-ingresso-2026-1\/\" data-type=\"link\" data-id=\"https:\/\/pos.uel.br\/ppgci\/editais\/edital-no-17-2025-homologacao-inscritos-ingresso-2026-1\/\">acesse aqui<\/a>.<\/p>\n\n\n\n<p><strong>ANEXOS PARA INGRESSO ESTUDANTE REGULAR 2026\/1<\/strong>, <a href=\"https:\/\/pos.uel.br\/ppgci\/wp-content\/uploads\/2025\/09\/Edital-PPGCI_2026_EstudanteRegular-ANEXOS.pdf\">acesse aqui<\/a>.<\/p>\n\n\n\n<p><strong>RELAT\u00d3RIO DE AVALIA\u00c7\u00c3O DE INSCRITOS COTISTAS<\/strong> (pedidos de cota ingressantes MESTRADO e DOUTORADO), <a href=\"https:\/\/pos.uel.br\/ppgci\/wp-content\/uploads\/2025\/11\/337_443-ESTUDANTE_REGULAR_AVALIACAO_COTISTAS_INSCRITOS.pdf\" data-type=\"attachment\" data-id=\"1974\">acesse aqui<\/a>.<\/p>\n\n\n\n<p><strong>EDITAL PPGCI N\u00ba 18\/2025 &#8211; RESULTADO PROVA ESCRITA<\/strong>, <a href=\"https:\/\/pos.uel.br\/ppgci\/wp-content\/uploads\/2025\/11\/EDITAL-_RESULTADO_PROVA_TEORICA_MD_INGRESSO_2026.pdf\">acesse aqui<\/a>.<\/p>\n\n\n\n<p><strong>EDITAL PPGCI N\u00ba 19\/2025 \u2013 AGENDA DE ARGUI\u00c7\u00c3O<\/strong> (O link para a sala remota ser\u00e1 enviado 1 hora antes do in\u00edcio da argui\u00e7\u00e3o, por e-mail para todos(as) os(as) candidatos(as)), <a href=\"https:\/\/pos.uel.br\/ppgci\/wp-content\/uploads\/2025\/11\/EDITAL_AGENDA_ARGUICAO_PUBLICAR.pdf\" data-type=\"attachment\" data-id=\"1982\">acesse aqui<\/a>.<\/p>\n\n\n\n<p><strong>EDITAL PPGCI N\u00ba 20\/2025 &#8211; DIVULGA\u00c7\u00c3O DE RESULTADO E CONVOCA\u00c7\u00c3O PARA MATR\u00cdCULA<\/strong>, <a href=\"https:\/\/pos.uel.br\/ppgci\/editais\/edital-ppgci-no-20-2025-divulgacao-de-resultado-e-convocacao-para-matricula\/\">acesse aqui<\/a>.<\/p>\n\n\n\n<p><\/p>\n","protected":false},"excerpt":{"rendered":"<p>A Comiss\u00e3o Coordenadora do Programa de P\u00f3s-Gradua\u00e7\u00e3o em Ci\u00eancia da Informa\u00e7\u00e3o, da Universidade Estadual de Londrina-UEL (PPGCI UEL),&nbsp; no uso de suas atribui\u00e7\u00f5es administrativas e em conformidade com o Edital PROPPG\/DPG\/DAM, torna p\u00fablico aos interessados as normas e os procedimentos a serem obedecidos no processo de sele\u00e7\u00e3o para o preenchimento de vagas regulares dos cursos [&hellip;]<\/p>\n","protected":false},"author":9,"featured_media":0,"comment_status":"open","ping_status":"open","sticky":false,"template":"","format":"standard","meta":{"footnotes":""},"categories":[6,5],"tags":[],"class_list":["post-1884","post","type-post","status-publish","format-standard","hentry","category-editais-publicados","category-noticias"],"_links":{"self":[{"href":"https:\/\/pos.uel.br\/ppgci\/wp-json\/wp\/v2\/posts\/1884","targetHints":{"allow":["GET"]}}],"collection":[{"href":"https:\/\/pos.uel.br\/ppgci\/wp-json\/wp\/v2\/posts"}],"about":[{"href":"https:\/\/pos.uel.br\/ppgci\/wp-json\/wp\/v2\/types\/post"}],"author":[{"embeddable":true,"href":"https:\/\/pos.uel.br\/ppgci\/wp-json\/wp\/v2\/users\/9"}],"replies":[{"embeddable":true,"href":"https:\/\/pos.uel.br\/ppgci\/wp-json\/wp\/v2\/comments?post=1884"}],"version-history":[{"count":16,"href":"https:\/\/pos.uel.br\/ppgci\/wp-json\/wp\/v2\/posts\/1884\/revisions"}],"predecessor-version":[{"id":1990,"href":"https:\/\/pos.uel.br\/ppgci\/wp-json\/wp\/v2\/posts\/1884\/revisions\/1990"}],"wp:attachment":[{"href":"https:\/\/pos.uel.br\/ppgci\/wp-json\/wp\/v2\/media?parent=1884"}],"wp:term":[{"taxonomy":"category","embeddable":true,"href":"https:\/\/pos.uel.br\/ppgci\/wp-json\/wp\/v2\/categories?post=1884"},{"taxonomy":"post_tag","embeddable":true,"href":"https:\/\/pos.uel.br\/ppgci\/wp-json\/wp\/v2\/tags?post=1884"}],"curies":[{"name":"wp","href":"https:\/\/api.w.org\/{rel}","templated":true}]}}