{"id":1853,"date":"2025-07-02T15:04:04","date_gmt":"2025-07-02T18:04:04","guid":{"rendered":"https:\/\/pos.uel.br\/ppgci\/?p=1853"},"modified":"2025-09-02T09:35:06","modified_gmt":"2025-09-02T12:35:06","slug":"estudantes-especiais-de-mestrado-e-doutorado-em-ciencia-da-informacao-2025-02","status":"publish","type":"post","link":"https:\/\/pos.uel.br\/ppgci\/noticias\/2025\/07\/02\/estudantes-especiais-de-mestrado-e-doutorado-em-ciencia-da-informacao-2025-02\/","title":{"rendered":"ESTUDANTE ESPECIAL DE MESTRADO E DOUTORADO EM CI\u00caNCIA DA INFORMA\u00c7\u00c3O 2025\/02"},"content":{"rendered":"\n<p>A Comiss\u00e3o Coordenadora do Programa de P\u00f3s-Gradua\u00e7\u00e3o em Ci\u00eancia da Informa\u00e7\u00e3o da Universidade Estadual de Londrina-UEL, no uso de suas atribui\u00e7\u00f5es administrativas e em conformidade com o Edital PROPPG\/DPG\/DAM, torna p\u00fablico aos interessados as normas e os procedimentos a serem obedecidos no processo de sele\u00e7\u00e3o para o preenchimento de vagas como estudantes especiais de Mestrado e Doutorado em Ci\u00eancia da Informa\u00e7\u00e3o, a terem in\u00edcio no segundo per\u00edodo letivo de 2025, em 18 de agosto de 2025.<\/p>\n\n\n\n<p>EDITAL N\u00ba 06\/2025 &#8211; SELE\u00c7\u00c3O &#8211; ESTUDANTE ESPECIAL,&nbsp;<a href=\"https:\/\/pos.uel.br\/ppgci\/wp-content\/uploads\/2025\/07\/Edital-Aluno-especial-no-06-2025_-2_S_versao-final.pdf\">acesse aqui<\/a>.<\/p>\n\n\n\n<p>EDITAL N\u00ba 07\/2025 &#8211; PEDIDOS DE ISEN\u00c7\u00c3O DEFERIDOS, <a href=\"https:\/\/pos.uel.br\/ppgci\/wp-content\/uploads\/2025\/07\/Edital-isencao-deferidos-aluno-especial.pdf\">acesse aqui<\/a>.<\/p>\n\n\n\n<p>EDITAL N\u00b0 08\/2025 &#8211; DIVULGA\u00c7\u00c3O DE RESULTADO E CONVOCA\u00c7\u00c3O PARA MATR\u00cdCULA, <a href=\"https:\/\/pos.uel.br\/ppgci\/wp-content\/uploads\/2025\/08\/Edital-Aluno-especial-no-08-2025_-2_S_.pdf\">acesse aqui<\/a>.<\/p>\n\n\n\n<p>EDITAL N\u00b0 09\/2025 &#8211; RETIFICA\u00c7\u00c3O DA DIVULGA\u00c7\u00c3O DE RESULTADO E CONVOCA\u00c7\u00c3O PARA MATR\u00cdCULA, <a href=\"https:\/\/pos.uel.br\/ppgci\/wp-content\/uploads\/2025\/08\/Edital-Aluno-especial-no-09-2025_-2_S_.pdf\">acesse aqui<\/a>.<\/p>\n\n\n\n<p><\/p>\n","protected":false},"excerpt":{"rendered":"<p>A Comiss\u00e3o Coordenadora do Programa de P\u00f3s-Gradua\u00e7\u00e3o em Ci\u00eancia da Informa\u00e7\u00e3o da Universidade Estadual de Londrina-UEL, no uso de suas atribui\u00e7\u00f5es administrativas e em conformidade com o Edital PROPPG\/DPG\/DAM, torna p\u00fablico aos interessados as normas e os procedimentos a serem obedecidos no processo de sele\u00e7\u00e3o para o preenchimento de vagas como estudantes especiais de Mestrado [&hellip;]<\/p>\n","protected":false},"author":9,"featured_media":0,"comment_status":"open","ping_status":"open","sticky":false,"template":"","format":"standard","meta":{"footnotes":""},"categories":[6,5],"tags":[],"class_list":["post-1853","post","type-post","status-publish","format-standard","hentry","category-editais-publicados","category-noticias"],"_links":{"self":[{"href":"https:\/\/pos.uel.br\/ppgci\/wp-json\/wp\/v2\/posts\/1853","targetHints":{"allow":["GET"]}}],"collection":[{"href":"https:\/\/pos.uel.br\/ppgci\/wp-json\/wp\/v2\/posts"}],"about":[{"href":"https:\/\/pos.uel.br\/ppgci\/wp-json\/wp\/v2\/types\/post"}],"author":[{"embeddable":true,"href":"https:\/\/pos.uel.br\/ppgci\/wp-json\/wp\/v2\/users\/9"}],"replies":[{"embeddable":true,"href":"https:\/\/pos.uel.br\/ppgci\/wp-json\/wp\/v2\/comments?post=1853"}],"version-history":[{"count":9,"href":"https:\/\/pos.uel.br\/ppgci\/wp-json\/wp\/v2\/posts\/1853\/revisions"}],"predecessor-version":[{"id":1888,"href":"https:\/\/pos.uel.br\/ppgci\/wp-json\/wp\/v2\/posts\/1853\/revisions\/1888"}],"wp:attachment":[{"href":"https:\/\/pos.uel.br\/ppgci\/wp-json\/wp\/v2\/media?parent=1853"}],"wp:term":[{"taxonomy":"category","embeddable":true,"href":"https:\/\/pos.uel.br\/ppgci\/wp-json\/wp\/v2\/categories?post=1853"},{"taxonomy":"post_tag","embeddable":true,"href":"https:\/\/pos.uel.br\/ppgci\/wp-json\/wp\/v2\/tags?post=1853"}],"curies":[{"name":"wp","href":"https:\/\/api.w.org\/{rel}","templated":true}]}}