{"id":1827,"date":"2025-03-17T16:25:35","date_gmt":"2025-03-17T19:25:35","guid":{"rendered":"https:\/\/pos.uel.br\/ppgci\/?p=1827"},"modified":"2025-08-22T08:48:38","modified_gmt":"2025-08-22T11:48:38","slug":"programa-de-bolsas-de-mestrado-e-doutorado-capes-demanda-social-2025","status":"publish","type":"post","link":"https:\/\/pos.uel.br\/ppgci\/noticias\/2025\/03\/17\/programa-de-bolsas-de-mestrado-e-doutorado-capes-demanda-social-2025\/","title":{"rendered":"Programa de Bolsas de Mestrado e Doutorado CAPES\/Demanda Social 2025"},"content":{"rendered":"\n<p>O Programa de P\u00f3s-gradua\u00e7\u00e3o em Ci\u00eancia da Informa\u00e7\u00e3o da UEL faz saber aos interessados, que estar\u00e3o abertas a partir das <strong>8hs do dia<\/strong> <strong>18 de mar\u00e7o at\u00e9 as 18hs do dia 19 de mar\u00e7o<\/strong> de 2025, as inscri\u00e7\u00f5es de candidatos ao Programa de Bolsas de Mestrado e Doutorado CAPES\/Demanda Social 2025.<\/p>\n\n\n\n<p><strong>EDITAL N\u00ba 04\/2025<\/strong> completo,<a href=\"https:\/\/pos.uel.br\/ppgci\/wp-content\/uploads\/2025\/03\/EDITAL_BOLSAS_2025_M_D.pdf\"> acesse aqui<\/a>.<\/p>\n\n\n\n<p>Anexos do <strong>EDITAL N\u00ba 04\/2025<\/strong>, <a href=\"https:\/\/pos.uel.br\/ppgci\/wp-content\/uploads\/2025\/03\/EDITAL_BOLSAS_2025_M_D-Anexos.docx\">acesse aqui<\/a>.<\/p>\n\n\n\n<p>RESULTADO: <strong>EDITAL <strong>N\u00ba<\/strong><\/strong> <strong>05\/2025<\/strong>, <a href=\"http:\/\/EDITAL 05\/2025 \u2013 Resultado da Sele\u00e7\u00e3o do Programa de Bolsas de Mestrado e  Doutorado DEMANDA SOCIAL CAPES\">acesse aqui<\/a>.<\/p>\n\n\n\n<p><\/p>\n","protected":false},"excerpt":{"rendered":"<p>O Programa de P\u00f3s-gradua\u00e7\u00e3o em Ci\u00eancia da Informa\u00e7\u00e3o da UEL faz saber aos interessados, que estar\u00e3o abertas a partir das 8hs do dia 18 de mar\u00e7o at\u00e9 as 18hs do dia 19 de mar\u00e7o de 2025, as inscri\u00e7\u00f5es de candidatos ao Programa de Bolsas de Mestrado e Doutorado CAPES\/Demanda Social 2025. EDITAL N\u00ba 04\/2025 completo, [&hellip;]<\/p>\n","protected":false},"author":9,"featured_media":0,"comment_status":"open","ping_status":"open","sticky":false,"template":"","format":"standard","meta":{"footnotes":""},"categories":[6,5],"tags":[],"class_list":["post-1827","post","type-post","status-publish","format-standard","hentry","category-editais-publicados","category-noticias"],"_links":{"self":[{"href":"https:\/\/pos.uel.br\/ppgci\/wp-json\/wp\/v2\/posts\/1827","targetHints":{"allow":["GET"]}}],"collection":[{"href":"https:\/\/pos.uel.br\/ppgci\/wp-json\/wp\/v2\/posts"}],"about":[{"href":"https:\/\/pos.uel.br\/ppgci\/wp-json\/wp\/v2\/types\/post"}],"author":[{"embeddable":true,"href":"https:\/\/pos.uel.br\/ppgci\/wp-json\/wp\/v2\/users\/9"}],"replies":[{"embeddable":true,"href":"https:\/\/pos.uel.br\/ppgci\/wp-json\/wp\/v2\/comments?post=1827"}],"version-history":[{"count":4,"href":"https:\/\/pos.uel.br\/ppgci\/wp-json\/wp\/v2\/posts\/1827\/revisions"}],"predecessor-version":[{"id":1836,"href":"https:\/\/pos.uel.br\/ppgci\/wp-json\/wp\/v2\/posts\/1827\/revisions\/1836"}],"wp:attachment":[{"href":"https:\/\/pos.uel.br\/ppgci\/wp-json\/wp\/v2\/media?parent=1827"}],"wp:term":[{"taxonomy":"category","embeddable":true,"href":"https:\/\/pos.uel.br\/ppgci\/wp-json\/wp\/v2\/categories?post=1827"},{"taxonomy":"post_tag","embeddable":true,"href":"https:\/\/pos.uel.br\/ppgci\/wp-json\/wp\/v2\/tags?post=1827"}],"curies":[{"name":"wp","href":"https:\/\/api.w.org\/{rel}","templated":true}]}}