{"id":1801,"date":"2025-02-05T17:48:41","date_gmt":"2025-02-05T20:48:41","guid":{"rendered":"https:\/\/pos.uel.br\/ppgci\/?p=1801"},"modified":"2025-08-22T08:47:38","modified_gmt":"2025-08-22T11:47:38","slug":"edital-no-01-2025","status":"publish","type":"post","link":"https:\/\/pos.uel.br\/ppgci\/noticias\/2025\/02\/05\/edital-no-01-2025\/","title":{"rendered":"EDITAL N\u00ba 01\/2025 &#8211; Sele\u00e7\u00e3o Estudante Especial"},"content":{"rendered":"\n<p>A Comiss\u00e3o Coordenadora do Programa de P\u00f3s-Gradua\u00e7\u00e3o em Ci\u00eancia da Informa\u00e7\u00e3o da Universidade Estadual de Londrina-UEL, no uso de suas atribui\u00e7\u00f5es administrativas e em conformidade com o Edital PROPPG\/DPG\/DAM, torna p\u00fablico aos interessados as normas e os procedimentos a serem obedecidos no processo de sele\u00e7\u00e3o para o preenchimento de vagas como estudantes especiais de Mestrado e Doutorado em Ci\u00eancia da Informa\u00e7\u00e3o, a terem in\u00edcio no primeiro per\u00edodo letivo de 2025, em 10 de mar\u00e7o de 2025.<\/p>\n\n\n\n<p>Mais informa\u00e7\u00f5es, <a href=\"https:\/\/pos.uel.br\/ppgci\/wp-content\/uploads\/2025\/02\/Edital-Aluno-especial-no-01-2025_-1_S_publicado.pdf\">acesse aqui<\/a>.<\/p>\n\n\n\n<p>EDITAL N\u00ba 02\/2025 &#8211; Pedidos de Isen\u00e7\u00e3o Deferidos, <a href=\"https:\/\/pos.uel.br\/ppgci\/wp-content\/uploads\/2025\/02\/Edital_isencao_deferidos_2025_assinado.pdf\">acesse aqui<\/a>.<\/p>\n\n\n\n<p>EDITAL N\u00b0 03\/2025 &#8211; Divulga\u00e7\u00e3o de resultado e convoca\u00e7\u00e3o para matr\u00edcula, <a href=\"https:\/\/pos.uel.br\/ppgci\/wp-content\/uploads\/2025\/02\/Resultado-de-Edital-Aluno-especial-no-03-2025_-1_S_2025.pdf\">acesse aqui. <\/a><\/p>\n\n\n\n<p><\/p>\n","protected":false},"excerpt":{"rendered":"<p>A Comiss\u00e3o Coordenadora do Programa de P\u00f3s-Gradua\u00e7\u00e3o em Ci\u00eancia da Informa\u00e7\u00e3o da Universidade Estadual de Londrina-UEL, no uso de suas atribui\u00e7\u00f5es administrativas e em conformidade com o Edital PROPPG\/DPG\/DAM, torna p\u00fablico aos interessados as normas e os procedimentos a serem obedecidos no processo de sele\u00e7\u00e3o para o preenchimento de vagas como estudantes especiais de Mestrado [&hellip;]<\/p>\n","protected":false},"author":9,"featured_media":0,"comment_status":"open","ping_status":"open","sticky":false,"template":"","format":"standard","meta":{"footnotes":""},"categories":[6,5],"tags":[],"class_list":["post-1801","post","type-post","status-publish","format-standard","hentry","category-editais-publicados","category-noticias"],"_links":{"self":[{"href":"https:\/\/pos.uel.br\/ppgci\/wp-json\/wp\/v2\/posts\/1801","targetHints":{"allow":["GET"]}}],"collection":[{"href":"https:\/\/pos.uel.br\/ppgci\/wp-json\/wp\/v2\/posts"}],"about":[{"href":"https:\/\/pos.uel.br\/ppgci\/wp-json\/wp\/v2\/types\/post"}],"author":[{"embeddable":true,"href":"https:\/\/pos.uel.br\/ppgci\/wp-json\/wp\/v2\/users\/9"}],"replies":[{"embeddable":true,"href":"https:\/\/pos.uel.br\/ppgci\/wp-json\/wp\/v2\/comments?post=1801"}],"version-history":[{"count":5,"href":"https:\/\/pos.uel.br\/ppgci\/wp-json\/wp\/v2\/posts\/1801\/revisions"}],"predecessor-version":[{"id":1820,"href":"https:\/\/pos.uel.br\/ppgci\/wp-json\/wp\/v2\/posts\/1801\/revisions\/1820"}],"wp:attachment":[{"href":"https:\/\/pos.uel.br\/ppgci\/wp-json\/wp\/v2\/media?parent=1801"}],"wp:term":[{"taxonomy":"category","embeddable":true,"href":"https:\/\/pos.uel.br\/ppgci\/wp-json\/wp\/v2\/categories?post=1801"},{"taxonomy":"post_tag","embeddable":true,"href":"https:\/\/pos.uel.br\/ppgci\/wp-json\/wp\/v2\/tags?post=1801"}],"curies":[{"name":"wp","href":"https:\/\/api.w.org\/{rel}","templated":true}]}}