{"id":1792,"date":"2024-11-29T15:03:55","date_gmt":"2024-11-29T18:03:55","guid":{"rendered":"https:\/\/pos.uel.br\/ppgci\/?p=1792"},"modified":"2025-08-22T08:48:42","modified_gmt":"2025-08-22T11:48:42","slug":"resultado-final-publicado-candidatos-regulares-e-estrangeiros-edital-ppgci-n14-2024","status":"publish","type":"post","link":"https:\/\/pos.uel.br\/ppgci\/noticias\/2024\/11\/29\/resultado-final-publicado-candidatos-regulares-e-estrangeiros-edital-ppgci-n14-2024\/","title":{"rendered":"RESULTADO FINAL PUBLICADO (CANDIDATOS REGULARES E ESTRANGEIROS)"},"content":{"rendered":"\n<p>Divulga o <strong>Resultado Final<\/strong> do processo seletivo para ingresso no Programa de P\u00f3s-Gradua\u00e7\u00e3o em Ci\u00eancia da Informa\u00e7\u00e3o Mestrado Acad\u00eamico e Doutorado, ano letivo de 2025, conforme Edital 08\/2024.<\/p>\n\n\n\n<p>A Comiss\u00e3o Coordenadora do Programa de P\u00f3s-Gradua\u00e7\u00e3o em Ci\u00eancia da Informa\u00e7\u00e3o, da Universidade Estadual de Londrina-UEL, no uso de suas atribui\u00e7\u00f5es administrativas e em conformidade com o Edital de abertura de vagas, TORNA P\u00daBLICO o resultado da sele\u00e7\u00e3o e convoca para matr\u00edcula os\/as candidatos\/as selecionados\/as para ingressar no Programa de P\u00f3s-gradua\u00e7\u00e3o em Ci\u00eancia da Informa\u00e7\u00e3o, com in\u00edcio em mar\u00e7o de 2025.<\/p>\n\n\n\n<p><strong>A rela\u00e7\u00e3o dos(as) candidatos(as) selecionados(as), apresenta-se em ordem de classifica\u00e7\u00e3o e por n\u00famero de inscri\u00e7\u00e3o. <\/strong><\/p>\n\n\n\n<p><a href=\"https:\/\/pos.uel.br\/ppgci\/wp-content\/uploads\/2024\/11\/Edital-resultado-final-2025_publicado.pdf\">Acesse Aqui.<\/a><\/p>\n","protected":false},"excerpt":{"rendered":"<p>Divulga o Resultado Final do processo seletivo para ingresso no Programa de P\u00f3s-Gradua\u00e7\u00e3o em Ci\u00eancia da Informa\u00e7\u00e3o Mestrado Acad\u00eamico e Doutorado, ano letivo de 2025, conforme Edital 08\/2024. A Comiss\u00e3o Coordenadora do Programa de P\u00f3s-Gradua\u00e7\u00e3o em Ci\u00eancia da Informa\u00e7\u00e3o, da Universidade Estadual de Londrina-UEL, no uso de suas atribui\u00e7\u00f5es administrativas e em conformidade com o [&hellip;]<\/p>\n","protected":false},"author":9,"featured_media":0,"comment_status":"open","ping_status":"open","sticky":false,"template":"","format":"standard","meta":{"footnotes":""},"categories":[6,5],"tags":[],"class_list":["post-1792","post","type-post","status-publish","format-standard","hentry","category-editais-publicados","category-noticias"],"_links":{"self":[{"href":"https:\/\/pos.uel.br\/ppgci\/wp-json\/wp\/v2\/posts\/1792","targetHints":{"allow":["GET"]}}],"collection":[{"href":"https:\/\/pos.uel.br\/ppgci\/wp-json\/wp\/v2\/posts"}],"about":[{"href":"https:\/\/pos.uel.br\/ppgci\/wp-json\/wp\/v2\/types\/post"}],"author":[{"embeddable":true,"href":"https:\/\/pos.uel.br\/ppgci\/wp-json\/wp\/v2\/users\/9"}],"replies":[{"embeddable":true,"href":"https:\/\/pos.uel.br\/ppgci\/wp-json\/wp\/v2\/comments?post=1792"}],"version-history":[{"count":2,"href":"https:\/\/pos.uel.br\/ppgci\/wp-json\/wp\/v2\/posts\/1792\/revisions"}],"predecessor-version":[{"id":1794,"href":"https:\/\/pos.uel.br\/ppgci\/wp-json\/wp\/v2\/posts\/1792\/revisions\/1794"}],"wp:attachment":[{"href":"https:\/\/pos.uel.br\/ppgci\/wp-json\/wp\/v2\/media?parent=1792"}],"wp:term":[{"taxonomy":"category","embeddable":true,"href":"https:\/\/pos.uel.br\/ppgci\/wp-json\/wp\/v2\/categories?post=1792"},{"taxonomy":"post_tag","embeddable":true,"href":"https:\/\/pos.uel.br\/ppgci\/wp-json\/wp\/v2\/tags?post=1792"}],"curies":[{"name":"wp","href":"https:\/\/api.w.org\/{rel}","templated":true}]}}