{"id":1724,"date":"2024-08-30T17:21:25","date_gmt":"2024-08-30T20:21:25","guid":{"rendered":"https:\/\/pos.uel.br\/ppgci\/?p=1724"},"modified":"2024-11-29T14:59:16","modified_gmt":"2024-11-29T17:59:16","slug":"edital-no-08-2024-ppgci-uel-estudante-regular","status":"publish","type":"post","link":"https:\/\/pos.uel.br\/ppgci\/noticias\/2024\/08\/30\/edital-no-08-2024-ppgci-uel-estudante-regular\/","title":{"rendered":"EDITAL N\u00ba 08\/2024 \u2013 PPGCI UEL \u2013 ESTUDANTE REGULAR"},"content":{"rendered":"\n<p>Estabelece normas e procedimentos de inscri\u00e7\u00e3o e sele\u00e7\u00e3o para o ingresso no Programa de P\u00f3s-Gradua\u00e7\u00e3o Stricto sensu em Mestrado Acad\u00eamico e Doutorado, na condi\u00e7\u00e3o de Estudante Regular. A Comiss\u00e3o Coordenadora do Programa de P\u00f3s-Gradua\u00e7\u00e3o em Ci\u00eancia da Informa\u00e7\u00e3o, da Universidade Estadual de Londrina-UEL, no uso de suas atribui\u00e7\u00f5es administrativas e em conformidade com o Edital PROPPG\/DPG\/DAM, torna p\u00fablico aos interessados as normas e os procedimentos a serem obedecidos no processo de sele\u00e7\u00e3o para o preenchimento de vagas regulares dos cursos de mestrado e doutorado, a terem in\u00edcio em 10 de mar\u00e7o de 2025, primeiro per\u00edodo letivo de 2025.<\/p>\n\n\n\n<p><strong><mark class=\"has-inline-color has-primary-accent-color\">ATUALIZA\u00c7\u00d5ES:<\/mark><\/strong><\/p>\n\n\n\n<p>EDITAL PPGCI N\u00b014\/2024 &#8211; RESULTADO FINAL (CANDIDATOS REGULARES E ESTRANGEIROS) &#8211; <a href=\"https:\/\/pos.uel.br\/ppgci\/wp-content\/uploads\/2024\/11\/Edital-resultado-final-2025_publicado.pdf\">Acesse Aqui.<\/a><\/p>\n\n\n\n<p>AGENDA DE ARGUI\u00c7\u00c3O (REMOTA) &#8211; <a href=\"https:\/\/pos.uel.br\/ppgci\/wp-content\/uploads\/2024\/11\/AGENDA-DE-ARGUICAO_2024_PPGCI_APROVADOS_Publicado.pdf\">Acesse Aqui.<\/a><\/p>\n\n\n\n<p>EDITAL PPGCI N\u00ba 13\/2024 &#8211; RESULTADO PRIMEIRA ETAPA ELIMINAT\u00d3RIA: PROVA ESCRITA &#8211; <a href=\"https:\/\/pos.uel.br\/ppgci\/wp-content\/uploads\/2024\/11\/EDITAL_RESULTADO_PROVA_TEORICA_MD_2024_PUBLICADO.pdf\">Acesse Aqui<\/a>.<\/p>\n\n\n\n<p>EDITAL N\u00ba11\/2024 \u2013 RESULTADO DO PROCESSO DE A\u00c7\u00d5ES AFIRMATIVAS &#8211; <a href=\"https:\/\/pos.uel.br\/ppgci\/wp-content\/uploads\/2024\/11\/EDITAL_RESULTADO_ACOES_AFIRMATIVAS_2024.pdf\">Acesse Aqui.<\/a><\/p>\n\n\n\n<p>EDITAL N\u00ba11\/2024 \u2013 PPGCI UEL \u2013 Homologa\u00e7\u00e3o das inscri\u00e7\u00f5es &#8211; <a href=\"https:\/\/pos.uel.br\/ppgci\/wp-content\/uploads\/2024\/11\/EDITAL_homologacao_inscricoes_2025_publicado.pdf\">Acesse Aqui.<\/a><br><br>RETIFICA\u00c7\u00c3O &#8211; EDITAL N\u00ba 10\/2024 \u2013 PPGCI UEL \u2013 ESTUDANTE REGULAR: <strong>Retifica\u00e7\u00e3o<\/strong> &#8211; <a href=\"https:\/\/pos.uel.br\/ppgci\/wp-content\/uploads\/2024\/10\/EDITAL-N-10_2024-_PPGCI-UEL_ESTUDANTE-REGULAR_Retificacao.pdf\">Acesse Aqui.<\/a><\/p>\n\n\n\n<p>EDITAL N\u00ba 09\/2024 &#8211; PEDIDOS DE ISEN\u00c7\u00c3O DEFERIDOS &#8211; <a href=\"https:\/\/pos.uel.br\/ppgci\/wp-content\/uploads\/2024\/09\/Edital_09-2024_isencao_deferidos_assinado.pdf\">Acesse aqui<\/a>.<\/p>\n\n\n\n<p>EDITAL N\u00ba 08\/2024 \u2013 PPGCI UEL \u2013 ESTUDANTE REGULAR: <strong>Anexos<\/strong> &#8211; <a href=\"https:\/\/pos.uel.br\/ppgci\/wp-content\/uploads\/2024\/09\/Edital-PPGCI_2025_EstudanteRegular-ANEXOS.pdf\">Acesse aqui.<\/a><\/p>\n\n\n\n<p>ERRATA &#8211; EDITAL N\u00ba 08\/2024 \u2013 PPGCI UEL \u2013 ESTUDANTE REGULAR: <strong>corrige a se\u00e7\u00e3o 4. Dos documentos para a inscri\u00e7\u00e3o<\/strong> &#8211; <a href=\"https:\/\/pos.uel.br\/ppgci\/wp-content\/uploads\/2024\/09\/EDITAL-N-08_2024-_PPGCI-UEL_ESTUDANTE-REGULAR_Errata-documentos-para-inscricao-1.pdf\">Acesse aqui<\/a>.<\/p>\n\n\n\n<p>EDITAL N\u00ba 08\/2024 \u2013 PPGCI UEL \u2013 ESTUDANTE REGULAR &#8211; <a href=\"https:\/\/pos.uel.br\/ppgci\/wp-content\/uploads\/2024\/08\/Edital-processo-selecao-2025_Final-1.pdf\" data-type=\"link\" data-id=\"https:\/\/pos.uel.br\/ppgci\/wp-content\/uploads\/2024\/08\/Edital-processo-selecao-2025_Final.pdf\">Acesse aqui<\/a>.<\/p>\n\n\n\n<p><\/p>\n\n\n\n<p><\/p>\n","protected":false},"excerpt":{"rendered":"<p>Estabelece normas e procedimentos de inscri\u00e7\u00e3o e sele\u00e7\u00e3o para o ingresso no Programa de P\u00f3s-Gradua\u00e7\u00e3o Stricto sensu em Mestrado Acad\u00eamico e Doutorado, na condi\u00e7\u00e3o de Estudante Regular. A Comiss\u00e3o Coordenadora do Programa de P\u00f3s-Gradua\u00e7\u00e3o em Ci\u00eancia da Informa\u00e7\u00e3o, da Universidade Estadual de Londrina-UEL, no uso de suas atribui\u00e7\u00f5es administrativas e em conformidade com o Edital [&hellip;]<\/p>\n","protected":false},"author":9,"featured_media":0,"comment_status":"open","ping_status":"open","sticky":false,"template":"","format":"standard","meta":{"footnotes":""},"categories":[6,5],"tags":[],"class_list":["post-1724","post","type-post","status-publish","format-standard","hentry","category-editais-publicados","category-noticias"],"_links":{"self":[{"href":"https:\/\/pos.uel.br\/ppgci\/wp-json\/wp\/v2\/posts\/1724","targetHints":{"allow":["GET"]}}],"collection":[{"href":"https:\/\/pos.uel.br\/ppgci\/wp-json\/wp\/v2\/posts"}],"about":[{"href":"https:\/\/pos.uel.br\/ppgci\/wp-json\/wp\/v2\/types\/post"}],"author":[{"embeddable":true,"href":"https:\/\/pos.uel.br\/ppgci\/wp-json\/wp\/v2\/users\/9"}],"replies":[{"embeddable":true,"href":"https:\/\/pos.uel.br\/ppgci\/wp-json\/wp\/v2\/comments?post=1724"}],"version-history":[{"count":18,"href":"https:\/\/pos.uel.br\/ppgci\/wp-json\/wp\/v2\/posts\/1724\/revisions"}],"predecessor-version":[{"id":1789,"href":"https:\/\/pos.uel.br\/ppgci\/wp-json\/wp\/v2\/posts\/1724\/revisions\/1789"}],"wp:attachment":[{"href":"https:\/\/pos.uel.br\/ppgci\/wp-json\/wp\/v2\/media?parent=1724"}],"wp:term":[{"taxonomy":"category","embeddable":true,"href":"https:\/\/pos.uel.br\/ppgci\/wp-json\/wp\/v2\/categories?post=1724"},{"taxonomy":"post_tag","embeddable":true,"href":"https:\/\/pos.uel.br\/ppgci\/wp-json\/wp\/v2\/tags?post=1724"}],"curies":[{"name":"wp","href":"https:\/\/api.w.org\/{rel}","templated":true}]}}