{"id":1671,"date":"2024-07-05T18:19:25","date_gmt":"2024-07-05T21:19:25","guid":{"rendered":"https:\/\/pos.uel.br\/ppgci\/?p=1671"},"modified":"2024-09-12T08:47:26","modified_gmt":"2024-09-12T11:47:26","slug":"edital-05-2024-estudante-especial","status":"publish","type":"post","link":"https:\/\/pos.uel.br\/ppgci\/noticias\/2024\/07\/05\/edital-05-2024-estudante-especial\/","title":{"rendered":"EDITAL N\u00ba 05\/2024 \u2013 Estudante Especial"},"content":{"rendered":"\n<p>A Comiss\u00e3o Coordenadora do Programa de P\u00f3s-Gradua\u00e7\u00e3o em Ci\u00eancia da Informa\u00e7\u00e3o da Universidade Estadual de Londrina-UEL, no uso de suas atribui\u00e7\u00f5es administrativas e em conformidade com o Edital PROPPG\/DPG\/DAM, torna p\u00fablico aos interessados as normas e os procedimentos a serem obedecidos no processo de sele\u00e7\u00e3o para o preenchimento de vagas como estudantes especiais de Mestrado e Doutorado, a terem in\u00edcio no segundo per\u00edodo letivo de 2024, em 12 de agosto de 2024.<\/p>\n\n\n\n<p>Edital 05\/2024 \u2013 Estudante Especial \u2013 <a href=\"https:\/\/pos.uel.br\/ppgci\/wp-content\/uploads\/2024\/07\/Edital-Aluno-especial_2S_2024_FINAL-05-2024.pdf\" data-type=\"link\" data-id=\"https:\/\/pos.uel.br\/ppgci\/wp-content\/uploads\/2024\/07\/Edital-Aluno-especial_2S_2024_FINAL-05-2024.pdf\">Acesse aqui<\/a><\/p>\n\n\n\n<p>Edital 06\/2024 &#8211; Estudante Especial: pedido de isen\u00e7\u00e3o &#8211; <a href=\"https:\/\/pos.uel.br\/ppgci\/wp-content\/uploads\/2024\/07\/Pedidos-de-isencao_taxa_estudante_especial_2S.pdf\">Acesse aqui<\/a><\/p>\n\n\n\n<p>Edital 07\/2024 &#8211; Estudante Especial: Divulga\u00e7\u00e3o de Resultado e Convoca\u00e7\u00e3o para Matr\u00edcula &#8211; <a href=\"https:\/\/pos.uel.br\/ppgci\/wp-content\/uploads\/2024\/08\/Edital_07_2024_especial_RESULTADO_2S_FINAL_assinado.pdf\">Acesse aqui<\/a><\/p>\n\n\n\n<p><\/p>\n","protected":false},"excerpt":{"rendered":"<p>A Comiss\u00e3o Coordenadora do Programa de P\u00f3s-Gradua\u00e7\u00e3o em Ci\u00eancia da Informa\u00e7\u00e3o da Universidade Estadual de Londrina-UEL, no uso de suas atribui\u00e7\u00f5es administrativas e em conformidade com o Edital PROPPG\/DPG\/DAM, torna p\u00fablico aos interessados as normas e os procedimentos a serem obedecidos no processo de sele\u00e7\u00e3o para o preenchimento de vagas como estudantes especiais de Mestrado [&hellip;]<\/p>\n","protected":false},"author":9,"featured_media":0,"comment_status":"open","ping_status":"open","sticky":false,"template":"","format":"standard","meta":{"footnotes":""},"categories":[6,5],"tags":[],"class_list":["post-1671","post","type-post","status-publish","format-standard","hentry","category-editais-publicados","category-noticias"],"_links":{"self":[{"href":"https:\/\/pos.uel.br\/ppgci\/wp-json\/wp\/v2\/posts\/1671","targetHints":{"allow":["GET"]}}],"collection":[{"href":"https:\/\/pos.uel.br\/ppgci\/wp-json\/wp\/v2\/posts"}],"about":[{"href":"https:\/\/pos.uel.br\/ppgci\/wp-json\/wp\/v2\/types\/post"}],"author":[{"embeddable":true,"href":"https:\/\/pos.uel.br\/ppgci\/wp-json\/wp\/v2\/users\/9"}],"replies":[{"embeddable":true,"href":"https:\/\/pos.uel.br\/ppgci\/wp-json\/wp\/v2\/comments?post=1671"}],"version-history":[{"count":8,"href":"https:\/\/pos.uel.br\/ppgci\/wp-json\/wp\/v2\/posts\/1671\/revisions"}],"predecessor-version":[{"id":1728,"href":"https:\/\/pos.uel.br\/ppgci\/wp-json\/wp\/v2\/posts\/1671\/revisions\/1728"}],"wp:attachment":[{"href":"https:\/\/pos.uel.br\/ppgci\/wp-json\/wp\/v2\/media?parent=1671"}],"wp:term":[{"taxonomy":"category","embeddable":true,"href":"https:\/\/pos.uel.br\/ppgci\/wp-json\/wp\/v2\/categories?post=1671"},{"taxonomy":"post_tag","embeddable":true,"href":"https:\/\/pos.uel.br\/ppgci\/wp-json\/wp\/v2\/tags?post=1671"}],"curies":[{"name":"wp","href":"https:\/\/api.w.org\/{rel}","templated":true}]}}