{"id":1565,"date":"2024-04-24T16:03:29","date_gmt":"2024-04-24T19:03:29","guid":{"rendered":"https:\/\/pos.uel.br\/ppgci\/?p=1565"},"modified":"2024-09-12T08:46:57","modified_gmt":"2024-09-12T11:46:57","slug":"viii-coloquio-em-organizacao-acesso-e-apropriacao-da-informacao-e-do-conhecimento-coaic","status":"publish","type":"post","link":"https:\/\/pos.uel.br\/ppgci\/eventos\/2024\/04\/24\/viii-coloquio-em-organizacao-acesso-e-apropriacao-da-informacao-e-do-conhecimento-coaic\/","title":{"rendered":"VIII Col\u00f3quio em Organiza\u00e7\u00e3o, Acesso e Apropria\u00e7\u00e3o da Informa\u00e7\u00e3o e do Conhecimento (COAIC)"},"content":{"rendered":"\n<p>O&nbsp;Col\u00f3quio em Organiza\u00e7\u00e3o, Acesso e Apropria\u00e7\u00e3o da Informa\u00e7\u00e3o e do Conhecimento (COAIC) consiste em um foro privilegiado para a reflex\u00e3o e o compartilhamento das pesquisas cient\u00edficas em Ci\u00eancia da Informa\u00e7\u00e3o e \u00e1reas de interface, congregando pesquisadores, p\u00f3s-graduandos e profissionais.<\/p>\n\n\n\n<p>Em sua oitava edi\u00e7\u00e3o, o COAIC abre debate \u00e0s quest\u00f5es que versam sobre o contexto da apropria\u00e7\u00e3o da informa\u00e7\u00e3o e do conhecimento no \u00e2mbito da gest\u00e3o, organiza\u00e7\u00e3o e compartilhamento de conte\u00fados informacionais. Nesse sentido o objetivo do evento \u00e9 promover interlocu\u00e7\u00f5es ao entendimento dos fen\u00f4menos e processos que permeiam tais elementos.<\/p>\n\n\n\n<p>O evento \u00e9 realizado anualmente pelo Programa de P\u00f3s-Gradua\u00e7\u00e3o em Ci\u00eancia da Informa\u00e7\u00e3o (PPGCI UEL) com a parceria do Departamento de Ci\u00eancia da Informa\u00e7\u00e3o e do Centro de Comunica\u00e7\u00e3o, Educa\u00e7\u00e3o e Artes (CECA), da Universidade Estadual de Londrina (UEL).<\/p>\n\n\n\n<p>Submiss\u00f5es de trabalho abertas: 22 de abril &#8211; 10 de junho<\/p>\n\n\n\n<p>Acesso ao site: <a href=\"http:\/\/www.uel.br\/eventos\/cinf\/index.php\/coaic2024\/coaic2024\">http:\/\/www.uel.br\/eventos\/cinf\/index.php\/coaic2024\/coaic2024<\/a> <\/p>\n\n\n\n<figure class=\"wp-block-image size-large is-resized\"><img decoding=\"async\" src=\"https:\/\/pos.uel.br\/ppgci\/wp-content\/uploads\/2024\/04\/Poster-coaic-724x1024.png\" alt=\"\" class=\"wp-image-1566\" style=\"width:625px;height:auto\" \/><\/figure>\n","protected":false},"excerpt":{"rendered":"<p>O&nbsp;Col\u00f3quio em Organiza\u00e7\u00e3o, Acesso e Apropria\u00e7\u00e3o da Informa\u00e7\u00e3o e do Conhecimento (COAIC) consiste em um foro privilegiado para a reflex\u00e3o e o compartilhamento das pesquisas cient\u00edficas em Ci\u00eancia da Informa\u00e7\u00e3o e \u00e1reas de interface, congregando pesquisadores, p\u00f3s-graduandos e profissionais. Em sua oitava edi\u00e7\u00e3o, o COAIC abre debate \u00e0s quest\u00f5es que versam sobre o contexto da [&hellip;]<\/p>\n","protected":false},"author":9,"featured_media":1568,"comment_status":"open","ping_status":"open","sticky":false,"template":"","format":"standard","meta":{"footnotes":""},"categories":[4,5],"tags":[],"class_list":["post-1565","post","type-post","status-publish","format-standard","has-post-thumbnail","hentry","category-eventos","category-noticias"],"_links":{"self":[{"href":"https:\/\/pos.uel.br\/ppgci\/wp-json\/wp\/v2\/posts\/1565","targetHints":{"allow":["GET"]}}],"collection":[{"href":"https:\/\/pos.uel.br\/ppgci\/wp-json\/wp\/v2\/posts"}],"about":[{"href":"https:\/\/pos.uel.br\/ppgci\/wp-json\/wp\/v2\/types\/post"}],"author":[{"embeddable":true,"href":"https:\/\/pos.uel.br\/ppgci\/wp-json\/wp\/v2\/users\/9"}],"replies":[{"embeddable":true,"href":"https:\/\/pos.uel.br\/ppgci\/wp-json\/wp\/v2\/comments?post=1565"}],"version-history":[{"count":7,"href":"https:\/\/pos.uel.br\/ppgci\/wp-json\/wp\/v2\/posts\/1565\/revisions"}],"predecessor-version":[{"id":1608,"href":"https:\/\/pos.uel.br\/ppgci\/wp-json\/wp\/v2\/posts\/1565\/revisions\/1608"}],"wp:featuredmedia":[{"embeddable":true,"href":"https:\/\/pos.uel.br\/ppgci\/wp-json\/wp\/v2\/media\/1568"}],"wp:attachment":[{"href":"https:\/\/pos.uel.br\/ppgci\/wp-json\/wp\/v2\/media?parent=1565"}],"wp:term":[{"taxonomy":"category","embeddable":true,"href":"https:\/\/pos.uel.br\/ppgci\/wp-json\/wp\/v2\/categories?post=1565"},{"taxonomy":"post_tag","embeddable":true,"href":"https:\/\/pos.uel.br\/ppgci\/wp-json\/wp\/v2\/tags?post=1565"}],"curies":[{"name":"wp","href":"https:\/\/api.w.org\/{rel}","templated":true}]}}