{"id":1562,"date":"2024-04-24T15:54:51","date_gmt":"2024-04-24T18:54:51","guid":{"rendered":"https:\/\/pos.uel.br\/ppgci\/?p=1562"},"modified":"2024-09-12T08:47:02","modified_gmt":"2024-09-12T11:47:02","slug":"x-seminario-em-ciencia-da-informacao-secin","status":"publish","type":"post","link":"https:\/\/pos.uel.br\/ppgci\/eventos\/2024\/04\/24\/x-seminario-em-ciencia-da-informacao-secin\/","title":{"rendered":"X Semin\u00e1rio em Ci\u00eancia da Informa\u00e7\u00e3o (SECIN)"},"content":{"rendered":"\n<p>O SEMIN\u00c1RIO EM CI\u00caNCIA DA INFORMA\u00c7\u00c3O (SECIN) visa promover o debate acerca dos fen\u00f4menos abarcados pela Ci\u00eancia da Informa\u00e7\u00e3o e a intera\u00e7\u00e3o entre professores, estudantes de gradua\u00e7\u00e3o e p\u00f3s-gradua\u00e7\u00e3o, pesquisadores e profissionais ligados \u00e0 Ci\u00eancia da Informa\u00e7\u00e3o e \u00e1reas afins.<\/p>\n\n\n\n<p>Em sua d\u00e9cima edi\u00e7\u00e3o, o SECIN tem como tema&nbsp;Ci\u00eancia da Informa\u00e7\u00e3o e Decolonialidade.<\/p>\n\n\n\n<p>O Semin\u00e1rio em Ci\u00eancia da Informa\u00e7\u00e3o (SECIN) \u00e9 realizado bienalmente pelo&nbsp;<a href=\"http:\/\/www.uel.br\/ceca\/cin\/\" target=\"_blank\" rel=\"noreferrer noopener\">Departamento de Ci\u00eancia da Informa\u00e7\u00e3o<\/a>&nbsp;(CIN) e pelo&nbsp;Programa de P\u00f3s-Gradua\u00e7\u00e3o em Ci\u00eancia da Informa\u00e7\u00e3o&nbsp;(PPGCI) da&nbsp;Universidade Estadual de Londrina&nbsp;(UEL).<\/p>\n\n\n\n<p>Submiss\u00f5es de trabalho abertas: 22 de abril &#8211; 10 de junho<\/p>\n\n\n\n<p>Acesso ao site: <a href=\"http:\/\/www.uel.br\/eventos\/cinf\/index.php\/secin2024\/secin2024\">http:\/\/www.uel.br\/eventos\/cinf\/index.php\/secin2024\/secin2024<\/a><\/p>\n\n\n\n<figure class=\"wp-block-image size-large is-resized\"><a href=\"http:\/\/www.uel.br\/eventos\/cinf\/index.php\/secin2024\/secin2024\"><img loading=\"lazy\" decoding=\"async\" width=\"724\" height=\"1024\" src=\"https:\/\/pos.uel.br\/ppgci\/wp-content\/uploads\/2024\/04\/Poster-724x1024.png\" alt=\"\" class=\"wp-image-1563\" style=\"width:598px;height:auto\" srcset=\"https:\/\/pos.uel.br\/ppgci\/wp-content\/uploads\/2024\/04\/Poster-724x1024.png 724w, https:\/\/pos.uel.br\/ppgci\/wp-content\/uploads\/2024\/04\/Poster-212x300.png 212w, https:\/\/pos.uel.br\/ppgci\/wp-content\/uploads\/2024\/04\/Poster-768x1086.png 768w, https:\/\/pos.uel.br\/ppgci\/wp-content\/uploads\/2024\/04\/Poster-1086x1536.png 1086w, https:\/\/pos.uel.br\/ppgci\/wp-content\/uploads\/2024\/04\/Poster-1448x2048.png 1448w, https:\/\/pos.uel.br\/ppgci\/wp-content\/uploads\/2024\/04\/Poster.png 1920w\" sizes=\"auto, (max-width: 724px) 100vw, 724px\" \/><\/a><\/figure>\n","protected":false},"excerpt":{"rendered":"<p>O SEMIN\u00c1RIO EM CI\u00caNCIA DA INFORMA\u00c7\u00c3O (SECIN) visa promover o debate acerca dos fen\u00f4menos abarcados pela Ci\u00eancia da Informa\u00e7\u00e3o e a intera\u00e7\u00e3o entre professores, estudantes de gradua\u00e7\u00e3o e p\u00f3s-gradua\u00e7\u00e3o, pesquisadores e profissionais ligados \u00e0 Ci\u00eancia da Informa\u00e7\u00e3o e \u00e1reas afins. Em sua d\u00e9cima edi\u00e7\u00e3o, o SECIN tem como tema&nbsp;Ci\u00eancia da Informa\u00e7\u00e3o e Decolonialidade. O Semin\u00e1rio [&hellip;]<\/p>\n","protected":false},"author":9,"featured_media":1563,"comment_status":"open","ping_status":"open","sticky":false,"template":"","format":"standard","meta":{"footnotes":""},"categories":[4,5],"tags":[],"class_list":["post-1562","post","type-post","status-publish","format-standard","has-post-thumbnail","hentry","category-eventos","category-noticias"],"_links":{"self":[{"href":"https:\/\/pos.uel.br\/ppgci\/wp-json\/wp\/v2\/posts\/1562","targetHints":{"allow":["GET"]}}],"collection":[{"href":"https:\/\/pos.uel.br\/ppgci\/wp-json\/wp\/v2\/posts"}],"about":[{"href":"https:\/\/pos.uel.br\/ppgci\/wp-json\/wp\/v2\/types\/post"}],"author":[{"embeddable":true,"href":"https:\/\/pos.uel.br\/ppgci\/wp-json\/wp\/v2\/users\/9"}],"replies":[{"embeddable":true,"href":"https:\/\/pos.uel.br\/ppgci\/wp-json\/wp\/v2\/comments?post=1562"}],"version-history":[{"count":7,"href":"https:\/\/pos.uel.br\/ppgci\/wp-json\/wp\/v2\/posts\/1562\/revisions"}],"predecessor-version":[{"id":1607,"href":"https:\/\/pos.uel.br\/ppgci\/wp-json\/wp\/v2\/posts\/1562\/revisions\/1607"}],"wp:featuredmedia":[{"embeddable":true,"href":"https:\/\/pos.uel.br\/ppgci\/wp-json\/wp\/v2\/media\/1563"}],"wp:attachment":[{"href":"https:\/\/pos.uel.br\/ppgci\/wp-json\/wp\/v2\/media?parent=1562"}],"wp:term":[{"taxonomy":"category","embeddable":true,"href":"https:\/\/pos.uel.br\/ppgci\/wp-json\/wp\/v2\/categories?post=1562"},{"taxonomy":"post_tag","embeddable":true,"href":"https:\/\/pos.uel.br\/ppgci\/wp-json\/wp\/v2\/tags?post=1562"}],"curies":[{"name":"wp","href":"https:\/\/api.w.org\/{rel}","templated":true}]}}