{"id":1544,"date":"2024-03-05T12:10:17","date_gmt":"2024-03-05T15:10:17","guid":{"rendered":"https:\/\/pos.uel.br\/ppgci\/?p=1544"},"modified":"2024-09-12T08:47:06","modified_gmt":"2024-09-12T11:47:06","slug":"edital-03-2024-programa-de-bolsas-de-mestrado-e-doutorado-capes-demanda-social","status":"publish","type":"post","link":"https:\/\/pos.uel.br\/ppgci\/noticias\/2024\/03\/05\/edital-03-2024-programa-de-bolsas-de-mestrado-e-doutorado-capes-demanda-social\/","title":{"rendered":"EDITAL N\u00ba 03\/2024 &#8211; Programa de Bolsas de Mestrado e Doutorado CAPES\/Demanda Social"},"content":{"rendered":"\n<h2 class=\"wp-block-heading\">Edital<\/h2>\n\n\n\n<p>O Programa de P\u00f3s-gradua\u00e7\u00e3o em Ci\u00eancia da Informa\u00e7\u00e3o da UEL faz saber aos interessados, que estar\u00e3o abertas a partir das <strong><mark style=\"background-color:#ffffff\" class=\"has-inline-color has-primary-accent-color\">12hs do dia 05 de mar\u00e7o<\/mark><\/strong> at\u00e9 as <strong><mark style=\"background-color:#ffffff\" class=\"has-inline-color has-primary-accent-color\">18hs do dia 7 de mar\u00e7o de 2024<\/mark><\/strong>, as inscri\u00e7\u00f5es de candidatos \u00e0:<\/p>\n\n\n\n<ul class=\"wp-block-list\">\n<li>8 (oito) bolsas de estudos n\u00edvel Mestrado CAPES\/Demanda Social, com vig\u00eancia de 2 (anos) de mar\u00e7o de 2024 a mar\u00e7o de 2026.<\/li>\n\n\n\n<li>6 (seis) bolsas de estudos n\u00edvel Doutorado CAPES\/Demanda Social, com vig\u00eancia de 4 (anos) de mar\u00e7o de 2024 a mar\u00e7o de 2028.<\/li>\n<\/ul>\n\n\n\n<p><strong><a href=\"https:\/\/pos.uel.br\/ppgci\/editais\/03-2024-bolsas-m-d-2024\/\" data-type=\"link\" data-id=\"https:\/\/pos.uel.br\/ppgci\/editais\/03-2024-bolsas-m-d-2024\/\"><mark style=\"background-color:#ffffff\" class=\"has-inline-color has-primary-accent-color\">Clique aqui para Acesso ao Edital<\/mark><\/a><\/strong><\/p>\n\n\n\n<h3 class=\"wp-block-heading\"><strong><mark style=\"background-color:#ffffff\" class=\"has-inline-color has-secondary-accent-color\">Resultado &#8211; Edital 04\/2024 &#8211; Sele\u00e7\u00e3o Bolsas <\/mark><\/strong><\/h3>\n\n\n\n<p><strong><a href=\"https:\/\/pos.uel.br\/ppgci\/editais\/04-2024-resultado-selecao-bolsas-m-d-capes\/\" data-type=\"link\" data-id=\"https:\/\/pos.uel.br\/ppgci\/editais\/04-2024-resultado-selecao-bolsas-m-d-capes\/\"><mark style=\"background-color:#ffffff\" class=\"has-inline-color has-primary-accent-color\">Clique aqui para Acesso ao Edital<\/mark><\/a><\/strong><\/p>\n","protected":false},"excerpt":{"rendered":"<p>Edital O Programa de P\u00f3s-gradua\u00e7\u00e3o em Ci\u00eancia da Informa\u00e7\u00e3o da UEL faz saber aos interessados, que estar\u00e3o abertas a partir das 12hs do dia 05 de mar\u00e7o at\u00e9 as 18hs do dia 7 de mar\u00e7o de 2024, as inscri\u00e7\u00f5es de candidatos \u00e0: Clique aqui para Acesso ao Edital Resultado &#8211; Edital 04\/2024 &#8211; Sele\u00e7\u00e3o Bolsas [&hellip;]<\/p>\n","protected":false},"author":9,"featured_media":0,"comment_status":"open","ping_status":"open","sticky":false,"template":"","format":"standard","meta":{"footnotes":""},"categories":[6,5],"tags":[],"class_list":["post-1544","post","type-post","status-publish","format-standard","hentry","category-editais-publicados","category-noticias"],"_links":{"self":[{"href":"https:\/\/pos.uel.br\/ppgci\/wp-json\/wp\/v2\/posts\/1544","targetHints":{"allow":["GET"]}}],"collection":[{"href":"https:\/\/pos.uel.br\/ppgci\/wp-json\/wp\/v2\/posts"}],"about":[{"href":"https:\/\/pos.uel.br\/ppgci\/wp-json\/wp\/v2\/types\/post"}],"author":[{"embeddable":true,"href":"https:\/\/pos.uel.br\/ppgci\/wp-json\/wp\/v2\/users\/9"}],"replies":[{"embeddable":true,"href":"https:\/\/pos.uel.br\/ppgci\/wp-json\/wp\/v2\/comments?post=1544"}],"version-history":[{"count":5,"href":"https:\/\/pos.uel.br\/ppgci\/wp-json\/wp\/v2\/posts\/1544\/revisions"}],"predecessor-version":[{"id":1727,"href":"https:\/\/pos.uel.br\/ppgci\/wp-json\/wp\/v2\/posts\/1544\/revisions\/1727"}],"wp:attachment":[{"href":"https:\/\/pos.uel.br\/ppgci\/wp-json\/wp\/v2\/media?parent=1544"}],"wp:term":[{"taxonomy":"category","embeddable":true,"href":"https:\/\/pos.uel.br\/ppgci\/wp-json\/wp\/v2\/categories?post=1544"},{"taxonomy":"post_tag","embeddable":true,"href":"https:\/\/pos.uel.br\/ppgci\/wp-json\/wp\/v2\/tags?post=1544"}],"curies":[{"name":"wp","href":"https:\/\/api.w.org\/{rel}","templated":true}]}}