{"id":1524,"date":"2024-01-29T16:11:13","date_gmt":"2024-01-29T19:11:13","guid":{"rendered":"https:\/\/pos.uel.br\/ppgci\/?p=1524"},"modified":"2024-02-28T08:56:22","modified_gmt":"2024-02-28T11:56:22","slug":"edital-no-01-2024-estudante-especial","status":"publish","type":"post","link":"https:\/\/pos.uel.br\/ppgci\/noticias\/2024\/01\/29\/edital-no-01-2024-estudante-especial\/","title":{"rendered":"EDITAL N\u00ba 01\/2024 \u2013 Estudante Especial"},"content":{"rendered":"\n<p>A Comiss\u00e3o Coordenadora do Programa de P\u00f3s-Gradua\u00e7\u00e3o em Ci\u00eancia da Informa\u00e7\u00e3o, da Universidade Estadual de Londrina-UEL, no uso de suas atribui\u00e7\u00f5es administrativas e em conformidade com o Edital PROPPG\/DPG\/DAM, torna p\u00fablico aos interessados as normas e os procedimentos a serem obedecidos no processo de sele\u00e7\u00e3o para o preenchimento de vagas como estudantes especiais de Mestrado e Doutorado, a terem in\u00edcio no primeiro per\u00edodo letivo de 2024.<\/p>\n\n\n\n<p><a href=\"https:\/\/pos.uel.br\/ppgci\/editais\/edital-01-2024-no-01-2024-estudante-especial\/\" data-type=\"link\" data-id=\"https:\/\/pos.uel.br\/ppgci\/wp-content\/uploads\/2023\/12\/EDITAL017_RESULTADO_FINAL_PROPPG.pdf\" target=\"_blank\" rel=\"noreferrer noopener\"><mark style=\"background-color:#ffffff\" class=\"has-inline-color has-primary-accent-color\">Edital 01\/2024 &#8211; Estudante Especial  &#8211;  Clique e Saiba Mais<\/mark><\/a><\/p>\n\n\n\n<h3 class=\"wp-block-heading\"><strong><mark style=\"background-color:#ffffff\" class=\"has-inline-color has-secondary-accent-color\">Resultado de Pedido de Isen\u00e7\u00e3o<\/mark><\/strong><\/h3>\n\n\n\n<p><a href=\"https:\/\/pos.uel.br\/ppgci\/wp-content\/uploads\/2024\/02\/Lista_isencao_estudante_especial_2023-2_assinado.pdf\" data-type=\"link\" data-id=\"https:\/\/pos.uel.br\/ppgci\/wp-content\/uploads\/2024\/02\/Lista_isencao_estudante_especial_2023-2_assinado.pdf\"><mark style=\"background-color:#ffffff\" class=\"has-inline-color has-primary-accent-color\">Resultado de Pedido de Isen\u00e7\u00e3o &#8211; Clique e Saiba Mais<\/mark><\/a><\/p>\n\n\n\n<h3 class=\"wp-block-heading\"><mark style=\"background-color:#ffffff\" class=\"has-inline-color has-secondary-accent-color\">Divulga\u00e7\u00e3o e Convoca\u00e7\u00e3o Matricula Estudantes Especiais<\/mark><\/h3>\n\n\n\n<p><a href=\"https:\/\/pos.uel.br\/ppgci\/editais\/ppgci-02-2024-resultadoconvocacaoestudantesespeciais\/\" data-type=\"link\" data-id=\"https:\/\/pos.uel.br\/ppgci\/editais\/ppgci-02-2024-resultadoconvocacaoestudantesespeciais\/\"><mark style=\"background-color:#ffffff\" class=\"has-inline-color has-primary-accent-color\">Convoca\u00e7\u00e3o Matricula &#8211; Clique E Saiba Mais<\/mark><\/a><\/p>\n","protected":false},"excerpt":{"rendered":"<p>A Comiss\u00e3o Coordenadora do Programa de P\u00f3s-Gradua\u00e7\u00e3o em Ci\u00eancia da Informa\u00e7\u00e3o, da Universidade Estadual de Londrina-UEL, no uso de suas atribui\u00e7\u00f5es administrativas e em conformidade com o Edital PROPPG\/DPG\/DAM, torna p\u00fablico aos interessados as normas e os procedimentos a serem obedecidos no processo de sele\u00e7\u00e3o para o preenchimento de vagas como estudantes especiais de Mestrado [&hellip;]<\/p>\n","protected":false},"author":9,"featured_media":0,"comment_status":"open","ping_status":"open","sticky":false,"template":"","format":"standard","meta":{"footnotes":""},"categories":[6,5],"tags":[],"class_list":["post-1524","post","type-post","status-publish","format-standard","hentry","category-editais-publicados","category-noticias"],"_links":{"self":[{"href":"https:\/\/pos.uel.br\/ppgci\/wp-json\/wp\/v2\/posts\/1524","targetHints":{"allow":["GET"]}}],"collection":[{"href":"https:\/\/pos.uel.br\/ppgci\/wp-json\/wp\/v2\/posts"}],"about":[{"href":"https:\/\/pos.uel.br\/ppgci\/wp-json\/wp\/v2\/types\/post"}],"author":[{"embeddable":true,"href":"https:\/\/pos.uel.br\/ppgci\/wp-json\/wp\/v2\/users\/9"}],"replies":[{"embeddable":true,"href":"https:\/\/pos.uel.br\/ppgci\/wp-json\/wp\/v2\/comments?post=1524"}],"version-history":[{"count":8,"href":"https:\/\/pos.uel.br\/ppgci\/wp-json\/wp\/v2\/posts\/1524\/revisions"}],"predecessor-version":[{"id":1541,"href":"https:\/\/pos.uel.br\/ppgci\/wp-json\/wp\/v2\/posts\/1524\/revisions\/1541"}],"wp:attachment":[{"href":"https:\/\/pos.uel.br\/ppgci\/wp-json\/wp\/v2\/media?parent=1524"}],"wp:term":[{"taxonomy":"category","embeddable":true,"href":"https:\/\/pos.uel.br\/ppgci\/wp-json\/wp\/v2\/categories?post=1524"},{"taxonomy":"post_tag","embeddable":true,"href":"https:\/\/pos.uel.br\/ppgci\/wp-json\/wp\/v2\/tags?post=1524"}],"curies":[{"name":"wp","href":"https:\/\/api.w.org\/{rel}","templated":true}]}}