{"id":1470,"date":"2023-11-24T16:17:50","date_gmt":"2023-11-24T19:17:50","guid":{"rendered":"https:\/\/pos.uel.br\/ppgci\/?p=1470"},"modified":"2023-12-08T15:51:07","modified_gmt":"2023-12-08T18:51:07","slug":"edital-15-2023-doutorado-sanduiche-no-exterior","status":"publish","type":"post","link":"https:\/\/pos.uel.br\/ppgci\/noticias\/2023\/11\/24\/edital-15-2023-doutorado-sanduiche-no-exterior\/","title":{"rendered":"EDITAL 15\/2023 \u2013 Normas e Procedimentos de Sele\u00e7\u00e3o Interna de candidatos ao Programa de Doutorado Sandu\u00edche no Exterior"},"content":{"rendered":"\n<figure class=\"wp-block-image size-full is-resized\"><img loading=\"lazy\" decoding=\"async\" width=\"2500\" height=\"900\" src=\"https:\/\/pos.uel.br\/ppgci\/wp-content\/uploads\/2023\/07\/PPGCIII.png\" alt=\"\" class=\"wp-image-1358\" style=\"width:498px;height:auto\" srcset=\"https:\/\/pos.uel.br\/ppgci\/wp-content\/uploads\/2023\/07\/PPGCIII.png 2500w, https:\/\/pos.uel.br\/ppgci\/wp-content\/uploads\/2023\/07\/PPGCIII-300x108.png 300w, https:\/\/pos.uel.br\/ppgci\/wp-content\/uploads\/2023\/07\/PPGCIII-1024x369.png 1024w, https:\/\/pos.uel.br\/ppgci\/wp-content\/uploads\/2023\/07\/PPGCIII-768x276.png 768w, https:\/\/pos.uel.br\/ppgci\/wp-content\/uploads\/2023\/07\/PPGCIII-1536x553.png 1536w, https:\/\/pos.uel.br\/ppgci\/wp-content\/uploads\/2023\/07\/PPGCIII-2048x737.png 2048w\" sizes=\"auto, (max-width: 2500px) 100vw, 2500px\" \/><\/figure>\n\n\n\n<h2 style=\"color:#16520e\"><strong> Edital 15\/2023<\/strong><\/h2>\n\n\n\n<a href=\"https:\/\/pos.uel.br\/ppgci\/wp-content\/uploads\/2023\/11\/Edital_15_UEL_PDSE2023.pdf\" style=\"color:#16520e\">Clique para saber mais<\/a>\n\n\n\n<h3 style=\"color:#16520e\"><strong> Resultado<\/strong><\/h3>\n\n\n\n<a href=\"https:\/\/pos.uel.br\/ppgci\/wp-content\/uploads\/2023\/12\/Edital_ProPPG-PDSE_Resultado_Selecao_Interna_2023_2024_assinado_assinado-1.pdf\" style=\"color:#16520e\">Resultado Edital 015\/2023<\/a>\n\n\n\n<h3 style=\"color:#16520e\"><strong> Anexos<\/strong><\/h3>\n\n\n\n<a href=\"https:\/\/pos.uel.br\/ppgci\/wp-content\/uploads\/2023\/11\/Anexo-I_Edital_Termo_de_Outorga.pdf\" style=\"color:#16520e\">Anexo I &#8211; Termo de Outorga<\/a>\n\n\n\n<br>\n\n\n\n<a href=\"https:\/\/pos.uel.br\/ppgci\/wp-content\/uploads\/2023\/11\/Anexo-II_Declaracao_Reconhecimento_da_Fluencia_Linguistica_do_cooorientador_no_exterior.pdf\" style=\"color:#16520e\">Anexo II &#8211; Declara\u00e7\u00e3o de Reconhecimento da Flu\u00eancia Linguistica no Exterior<\/a>\n\n\n\n<br>\n\n\n\n<a href=\"https:\/\/pos.uel.br\/ppgci\/wp-content\/uploads\/2023\/11\/Anexo-III__Declaracao_Fluencia_Orient_Brasileiro_2.pdf\" style=\"color:#16520e\">Anexo III &#8211; Declara\u00e7\u00e3o de Reconhecimento da Flu\u00eancia Lingu\u00edstica Institui\u00e7\u00e3o Brasileira<\/a>\n\n\n\n<br>\n\n\n\n<a href=\"https:\/\/pos.uel.br\/ppgci\/wp-content\/uploads\/2023\/11\/Anexo-IV__Proficiencia_2023_2024__1_.pdf\" style=\"color:#16520e\">Anexo IV &#8211; Requisitos de Profici\u00eancia em L\u00edngua Estrangeira<\/a>\n","protected":false},"excerpt":{"rendered":"<p>Edital 15\/2023 Clique para saber mais Resultado Resultado Edital 015\/2023 Anexos Anexo I &#8211; Termo de Outorga Anexo II &#8211; Declara\u00e7\u00e3o de Reconhecimento da Flu\u00eancia Linguistica no Exterior Anexo III &#8211; Declara\u00e7\u00e3o de Reconhecimento da Flu\u00eancia Lingu\u00edstica Institui\u00e7\u00e3o Brasileira Anexo IV &#8211; Requisitos de Profici\u00eancia em L\u00edngua Estrangeira<\/p>\n","protected":false},"author":9,"featured_media":1471,"comment_status":"open","ping_status":"open","sticky":false,"template":"","format":"standard","meta":{"footnotes":""},"categories":[6,5],"tags":[],"class_list":["post-1470","post","type-post","status-publish","format-standard","has-post-thumbnail","hentry","category-editais-publicados","category-noticias"],"_links":{"self":[{"href":"https:\/\/pos.uel.br\/ppgci\/wp-json\/wp\/v2\/posts\/1470","targetHints":{"allow":["GET"]}}],"collection":[{"href":"https:\/\/pos.uel.br\/ppgci\/wp-json\/wp\/v2\/posts"}],"about":[{"href":"https:\/\/pos.uel.br\/ppgci\/wp-json\/wp\/v2\/types\/post"}],"author":[{"embeddable":true,"href":"https:\/\/pos.uel.br\/ppgci\/wp-json\/wp\/v2\/users\/9"}],"replies":[{"embeddable":true,"href":"https:\/\/pos.uel.br\/ppgci\/wp-json\/wp\/v2\/comments?post=1470"}],"version-history":[{"count":11,"href":"https:\/\/pos.uel.br\/ppgci\/wp-json\/wp\/v2\/posts\/1470\/revisions"}],"predecessor-version":[{"id":1497,"href":"https:\/\/pos.uel.br\/ppgci\/wp-json\/wp\/v2\/posts\/1470\/revisions\/1497"}],"wp:featuredmedia":[{"embeddable":true,"href":"https:\/\/pos.uel.br\/ppgci\/wp-json\/wp\/v2\/media\/1471"}],"wp:attachment":[{"href":"https:\/\/pos.uel.br\/ppgci\/wp-json\/wp\/v2\/media?parent=1470"}],"wp:term":[{"taxonomy":"category","embeddable":true,"href":"https:\/\/pos.uel.br\/ppgci\/wp-json\/wp\/v2\/categories?post=1470"},{"taxonomy":"post_tag","embeddable":true,"href":"https:\/\/pos.uel.br\/ppgci\/wp-json\/wp\/v2\/tags?post=1470"}],"curies":[{"name":"wp","href":"https:\/\/api.w.org\/{rel}","templated":true}]}}