{"id":1388,"date":"2023-09-04T11:18:41","date_gmt":"2023-09-04T14:18:41","guid":{"rendered":"https:\/\/pos.uel.br\/ppgci\/?p=1388"},"modified":"2024-09-12T08:47:32","modified_gmt":"2024-09-12T11:47:32","slug":"edital-no-10-2023-ppgci-estudante-regular","status":"publish","type":"post","link":"https:\/\/pos.uel.br\/ppgci\/noticias\/2023\/09\/04\/edital-no-10-2023-ppgci-estudante-regular\/","title":{"rendered":"EDITAL N\u00ba 10\/2023 \u2013 PPGCI ESTUDANTE REGULAR"},"content":{"rendered":"\n<p><\/p>\n\n\n\n<figure class=\"wp-block-image size-large is-resized\"><img loading=\"lazy\" decoding=\"async\" width=\"1024\" height=\"369\" src=\"https:\/\/pos.uel.br\/ppgci\/wp-content\/uploads\/2023\/07\/PPGCIII-1024x369.png\" alt=\"\" class=\"wp-image-1358\" style=\"width:433px;height:156px\" srcset=\"https:\/\/pos.uel.br\/ppgci\/wp-content\/uploads\/2023\/07\/PPGCIII-1024x369.png 1024w, https:\/\/pos.uel.br\/ppgci\/wp-content\/uploads\/2023\/07\/PPGCIII-300x108.png 300w, https:\/\/pos.uel.br\/ppgci\/wp-content\/uploads\/2023\/07\/PPGCIII-768x276.png 768w, https:\/\/pos.uel.br\/ppgci\/wp-content\/uploads\/2023\/07\/PPGCIII-1536x553.png 1536w, https:\/\/pos.uel.br\/ppgci\/wp-content\/uploads\/2023\/07\/PPGCIII-2048x737.png 2048w\" sizes=\"auto, (max-width: 1024px) 100vw, 1024px\" \/><\/figure>\n\n\n<h1 class=\"wp-block-site-title\"><a href=\"https:\/\/pos.uel.br\/ppgci\" target=\"_self\" rel=\"home\">P\u00f3s-gradua\u00e7\u00e3o em Ci\u00eancia da Informa\u00e7\u00e3o<\/a><\/h1>\n\n\n<p>Estabelece normas e procedimentos de inscri\u00e7\u00e3o e sele\u00e7\u00e3o para o ingresso no Programa de P\u00f3s-Gradua\u00e7\u00e3o Stricto sensu em<br>Ci\u00eancia da Informa\u00e7\u00e3o, Mestrado Acad\u00eamico e Doutorado, na condi\u00e7\u00e3o de Estudante Regular.<\/p>\n\n\n\n<h2>RESULTADO OFICIAL<\/h2>\n\n\n\n<p><a href=\"https:\/\/pos.uel.br\/ppgci\/wp-content\/uploads\/2023\/12\/EDITAL017_RESULTADO_FINAL_PROPPG_final.pdf\" data-type=\"link\" data-id=\"https:\/\/pos.uel.br\/ppgci\/wp-content\/uploads\/2023\/12\/EDITAL017_RESULTADO_FINAL_PROPPG.pdf\" target=\"_blank\" rel=\"noreferrer noopener\"><mark class=\"has-inline-color has-primary-accent-color\">Edital 017\/023 &#8211; Resultado Oficial e Convoca\u00e7\u00e3o para Matr\u00edcula<\/mark><\/a><\/p>\n\n\n\n<h3>Editais Anteriores<\/h3>\n\n\n\n<p><a href=\"https:\/\/pos.uel.br\/ppgci\/wp-content\/uploads\/2023\/11\/EDITAL_016_RESULTADO_EXTRA_OFICIAL.pdf\"><mark class=\"has-inline-color has-primary-accent-color\">Edital 16\/2023 &#8211; Resultado Extra Oficial<\/mark><\/a><\/p>\n\n\n\n<p><a href=\"https:\/\/pos.uel.br\/ppgci\/editais\/edital-de-arguicao-mestrado-e-doutorado-processo-seletivo\/\"><code><mark class=\"has-inline-color has-primary-accent-color\"><strong>Edital com Agenda de Argui\u00e7\u00e3o (Datas, Hor\u00e1rios e Locais)<\/strong><\/mark><\/code><\/a><\/p>\n\n\n\n<p><code><a href=\"https:\/\/pos.uel.br\/ppgci\/wp-content\/uploads\/2023\/11\/EDITAL-014_RESULTADO_PROVA_TEORICA_MD_2023.pdf\" data-type=\"link\" data-id=\"https:\/\/pos.uel.br\/ppgci\/wp-content\/uploads\/2023\/11\/EDITAL-014_RESULTADO_PROVA_TEORICA_MD_2023.pdf\" target=\"_blank\" rel=\"noreferrer noopener\"><mark class=\"has-inline-color has-primary-accent-color\"><strong>Edital 14\/2023 - Resultado 1\u00aa Fase - Prova Escrita<\/strong><\/mark><\/a><\/code><\/p>\n\n\n\n<p><a href=\"https:\/\/pos.uel.br\/ppgci\/wp-content\/uploads\/2023\/09\/Edital-010-2023-Retificacao-Site.pdf\" data-type=\"link\" data-id=\"https:\/\/pos.uel.br\/ppgci\/wp-content\/uploads\/2023\/09\/Edital-Selecao-Aluno-Regular-PPGCI.pdf\" target=\"_blank\" rel=\"noreferrer noopener\"><mark class=\"has-inline-color has-primary-accent-color\">Edital 10\/2023 &#8211; Estudante Regular<\/mark><\/a><\/p>\n\n\n\n<p><a rel=\"noreferrer noopener\" href=\"https:\/\/pos.uel.br\/ppgci\/wp-content\/uploads\/2023\/09\/Edital-PPGCI-10_23_EstudanteRegular-ANEXOS.pdf\" data-type=\"link\" data-id=\"https:\/\/pos.uel.br\/ppgci\/wp-content\/uploads\/2023\/09\/Edital-PPGCI-10_23_EstudanteRegular-ANEXOS.pdf\" target=\"_blank\"><mark class=\"has-inline-color has-primary-accent-color\">Edital 10\/2023 &#8211; Estudante Regular &#8211; ANEXOS<\/mark><\/a><\/p>\n\n\n\n<p>Isen\u00e7\u00e3o da Inscri\u00e7\u00e3o: Conforme  Item 2 do Edital de Inscri\u00e7\u00e3o n\u00ba 10\/2023 &#8211; PPGCI UEL <\/p>\n\n\n\n<p>Clique no Link abaixo para Formul\u00e1rio &#8211; Prazo de 06 a 11\/09\/2023:<\/p>\n\n\n\n<p><a href=\"http:\/\/www.uel.br\/eventos\/insc\/?id=8526\" data-type=\"link\" data-id=\"http:\/\/www.uel.br\/eventos\/insc\/?id=8526\"><mark class=\"has-inline-color has-primary-accent-color\">Requerimento de Isen\u00e7\u00e3o Cad\u00danico<\/mark><\/a><\/p>\n\n\n\n<p>Resultado da Isen\u00e7\u00e3o &#8211; Justi\u00e7a Eleitoral &#8211; Doa\u00e7\u00e3o de Sangue e Cad\u00danico<\/p>\n\n\n\n<p><a rel=\"noreferrer noopener\" href=\"https:\/\/pos.uel.br\/ppgci\/wp-content\/uploads\/2023\/09\/Isencao-Site.pdf\" data-type=\"link\" data-id=\"https:\/\/pos.uel.br\/ppgci\/wp-content\/uploads\/2023\/09\/Isencao-Site.pdf\" target=\"_blank\"><mark class=\"has-inline-color has-primary-accent-color\">Resultado Isen\u00e7\u00e3o &#8211; Edital 11\/2023<\/mark><\/a><\/p>\n\n\n\n<p>Edital de Retifica\u00e7\u00e3o do Edital 12\/2023<\/p>\n\n\n\n<p><a href=\"https:\/\/pos.uel.br\/ppgci\/wp-content\/uploads\/2023\/09\/Edital-012-2023-Retificacao.pdf\"><mark class=\"has-inline-color has-primary-accent-color\">Edital 012\/2023 &#8211; Retifica\u00e7\u00e3o<\/mark><\/a><\/p>\n\n\n\n<h3>HOMOLOGA\u00c7\u00c3O DAS INSCRI\u00c7\u00d5ES<\/h3>\n\n\n\n<p><a href=\"https:\/\/pos.uel.br\/ppgci\/wp-content\/uploads\/2023\/11\/EDITAL-013-2023-Homologacao_-Inscricoes_M_D-PPGCI.pdf\" data-type=\"page\" data-id=\"1434\"><mark class=\"has-inline-color has-primary-accent-color\">Edital 013\/2023: Homologa\u00e7\u00e3o das Inscri\u00e7\u00f5es<\/mark><\/a><\/p>\n","protected":false},"excerpt":{"rendered":"<p>Estabelece normas e procedimentos de inscri\u00e7\u00e3o e sele\u00e7\u00e3o para o ingresso no Programa de P\u00f3s-Gradua\u00e7\u00e3o Stricto sensu emCi\u00eancia da Informa\u00e7\u00e3o, Mestrado Acad\u00eamico e Doutorado, na condi\u00e7\u00e3o de Estudante Regular. RESULTADO OFICIAL Edital 017\/023 &#8211; Resultado Oficial e Convoca\u00e7\u00e3o para Matr\u00edcula Editais Anteriores Edital 16\/2023 &#8211; Resultado Extra Oficial Edital com Agenda de Argui\u00e7\u00e3o (Datas, Hor\u00e1rios [&hellip;]<\/p>\n","protected":false},"author":9,"featured_media":0,"comment_status":"open","ping_status":"open","sticky":false,"template":"","format":"standard","meta":{"footnotes":""},"categories":[6,5],"tags":[],"class_list":["post-1388","post","type-post","status-publish","format-standard","hentry","category-editais-publicados","category-noticias"],"_links":{"self":[{"href":"https:\/\/pos.uel.br\/ppgci\/wp-json\/wp\/v2\/posts\/1388","targetHints":{"allow":["GET"]}}],"collection":[{"href":"https:\/\/pos.uel.br\/ppgci\/wp-json\/wp\/v2\/posts"}],"about":[{"href":"https:\/\/pos.uel.br\/ppgci\/wp-json\/wp\/v2\/types\/post"}],"author":[{"embeddable":true,"href":"https:\/\/pos.uel.br\/ppgci\/wp-json\/wp\/v2\/users\/9"}],"replies":[{"embeddable":true,"href":"https:\/\/pos.uel.br\/ppgci\/wp-json\/wp\/v2\/comments?post=1388"}],"version-history":[{"count":34,"href":"https:\/\/pos.uel.br\/ppgci\/wp-json\/wp\/v2\/posts\/1388\/revisions"}],"predecessor-version":[{"id":1519,"href":"https:\/\/pos.uel.br\/ppgci\/wp-json\/wp\/v2\/posts\/1388\/revisions\/1519"}],"wp:attachment":[{"href":"https:\/\/pos.uel.br\/ppgci\/wp-json\/wp\/v2\/media?parent=1388"}],"wp:term":[{"taxonomy":"category","embeddable":true,"href":"https:\/\/pos.uel.br\/ppgci\/wp-json\/wp\/v2\/categories?post=1388"},{"taxonomy":"post_tag","embeddable":true,"href":"https:\/\/pos.uel.br\/ppgci\/wp-json\/wp\/v2\/tags?post=1388"}],"curies":[{"name":"wp","href":"https:\/\/api.w.org\/{rel}","templated":true}]}}