{"id":1376,"date":"2023-07-31T19:01:37","date_gmt":"2023-07-31T22:01:37","guid":{"rendered":"https:\/\/pos.uel.br\/ppgci\/?p=1376"},"modified":"2023-07-31T19:06:49","modified_gmt":"2023-07-31T22:06:49","slug":"edital-no-09-2023-divulgacao-de-resultado-e-convocacao-para-matricula-dos-estudantes-especiais","status":"publish","type":"post","link":"https:\/\/pos.uel.br\/ppgci\/sem-categoria\/2023\/07\/31\/edital-no-09-2023-divulgacao-de-resultado-e-convocacao-para-matricula-dos-estudantes-especiais\/","title":{"rendered":"EDITAL N\u00ba 09\/2023 &#8211; DIVULGA\u00c7\u00c3O DE RESULTADO E CONVOCA\u00c7\u00c3O PARA MATR\u00cdCULA DOS ESTUDANTES ESPECIAIS"},"content":{"rendered":"\n<figure class=\"wp-block-image size-full is-resized\"><img loading=\"lazy\" decoding=\"async\" src=\"https:\/\/pos.uel.br\/ppgci\/wp-content\/uploads\/2022\/03\/cropped-PPGCI-UEL-logo.png\" alt=\"\" class=\"wp-image-115\" width=\"278\" height=\"100\"\/><\/figure>\n\n\n\n<p>A Comiss\u00e3o Coordenadora do Programa de P\u00f3s-Gradua\u00e7\u00e3o em Ci\u00eancia da Informa\u00e7\u00e3o, da Universidade Estadual de Londrina-UEL, no uso de suas atribui\u00e7\u00f5es administrativas e em conformidade com o Edital de abertura de vagas, TORNA P\u00daBLICA a convoca\u00e7\u00e3o para matr\u00edcula dos candidatos classificados para ingresso no Programa de P\u00f3s-Gradua\u00e7\u00e3o como \u201cEstudante Especial\u201d, com o in\u00edcio no segundo semestre de 2023. A rela\u00e7\u00e3o dos candidatos selecionados, cujas inscri\u00e7\u00f5es foram abertas por meio do Edital 08\/2023, apresenta-se em ordem alfab\u00e9tica. As instru\u00e7\u00f5es de matr\u00edcula s\u00e3o as que seguem:<\/p>\n\n\n\n<p><a rel=\"noreferrer noopener\" href=\"https:\/\/pos.uel.br\/ppgci\/wp-content\/uploads\/2023\/07\/Edital-PPGCI-09-2023-2-resultado-final.pdf\" target=\"_blank\"><mark style=\"background-color:rgba(0, 0, 0, 0)\" class=\"has-inline-color has-primary-accent-color\">Clique aqui e saiba mais.<\/mark><\/a><\/p>\n","protected":false},"excerpt":{"rendered":"<p>A Comiss\u00e3o Coordenadora do Programa de P\u00f3s-Gradua\u00e7\u00e3o em Ci\u00eancia da Informa\u00e7\u00e3o, da Universidade Estadual de Londrina-UEL, no uso de suas atribui\u00e7\u00f5es administrativas e em conformidade com o Edital de abertura de vagas, TORNA P\u00daBLICA a convoca\u00e7\u00e3o para matr\u00edcula dos candidatos classificados para ingresso no Programa de P\u00f3s-Gradua\u00e7\u00e3o como \u201cEstudante Especial\u201d, com o in\u00edcio no segundo [&hellip;]<\/p>\n","protected":false},"author":9,"featured_media":0,"comment_status":"open","ping_status":"open","sticky":false,"template":"","format":"standard","meta":{"footnotes":""},"categories":[1],"tags":[],"class_list":["post-1376","post","type-post","status-publish","format-standard","hentry","category-sem-categoria"],"_links":{"self":[{"href":"https:\/\/pos.uel.br\/ppgci\/wp-json\/wp\/v2\/posts\/1376","targetHints":{"allow":["GET"]}}],"collection":[{"href":"https:\/\/pos.uel.br\/ppgci\/wp-json\/wp\/v2\/posts"}],"about":[{"href":"https:\/\/pos.uel.br\/ppgci\/wp-json\/wp\/v2\/types\/post"}],"author":[{"embeddable":true,"href":"https:\/\/pos.uel.br\/ppgci\/wp-json\/wp\/v2\/users\/9"}],"replies":[{"embeddable":true,"href":"https:\/\/pos.uel.br\/ppgci\/wp-json\/wp\/v2\/comments?post=1376"}],"version-history":[{"count":3,"href":"https:\/\/pos.uel.br\/ppgci\/wp-json\/wp\/v2\/posts\/1376\/revisions"}],"predecessor-version":[{"id":1379,"href":"https:\/\/pos.uel.br\/ppgci\/wp-json\/wp\/v2\/posts\/1376\/revisions\/1379"}],"wp:attachment":[{"href":"https:\/\/pos.uel.br\/ppgci\/wp-json\/wp\/v2\/media?parent=1376"}],"wp:term":[{"taxonomy":"category","embeddable":true,"href":"https:\/\/pos.uel.br\/ppgci\/wp-json\/wp\/v2\/categories?post=1376"},{"taxonomy":"post_tag","embeddable":true,"href":"https:\/\/pos.uel.br\/ppgci\/wp-json\/wp\/v2\/tags?post=1376"}],"curies":[{"name":"wp","href":"https:\/\/api.w.org\/{rel}","templated":true}]}}