{"id":1356,"date":"2023-07-17T11:26:48","date_gmt":"2023-07-17T14:26:48","guid":{"rendered":"https:\/\/pos.uel.br\/ppgci\/?p=1356"},"modified":"2024-09-12T08:43:43","modified_gmt":"2024-09-12T11:43:43","slug":"edital-no08-2023-estudante-especial","status":"publish","type":"post","link":"https:\/\/pos.uel.br\/ppgci\/editais-publicados\/2023\/07\/17\/edital-no08-2023-estudante-especial\/","title":{"rendered":"Edital n\u00ba08\/2023 \u2013 Estudante Especial"},"content":{"rendered":"\n<div class=\"wp-block-group alignfull has-contrast-color has-text-color has-link-color wp-elements-9dfc8c4f9bb99d33ff4b0fe34f9fc06b\" style=\"padding-top:var(--wp--preset--spacing--30);padding-right:var(--wp--preset--spacing--30);padding-bottom:var(--wp--preset--spacing--30);padding-left:var(--wp--preset--spacing--30)\"><div class=\"wp-block-group__inner-container is-layout-constrained wp-container-core-group-is-layout-97875daf wp-block-group-is-layout-constrained\">\n<figure class=\"wp-block-image size-large is-resized\"><img loading=\"lazy\" decoding=\"async\" src=\"https:\/\/pos.uel.br\/ppgci\/wp-content\/uploads\/2023\/07\/PPGCIII-1024x369.png\" alt=\"\" class=\"wp-image-1358\" width=\"375\" height=\"135\" srcset=\"https:\/\/pos.uel.br\/ppgci\/wp-content\/uploads\/2023\/07\/PPGCIII-1024x369.png 1024w, https:\/\/pos.uel.br\/ppgci\/wp-content\/uploads\/2023\/07\/PPGCIII-300x108.png 300w, https:\/\/pos.uel.br\/ppgci\/wp-content\/uploads\/2023\/07\/PPGCIII-768x276.png 768w, https:\/\/pos.uel.br\/ppgci\/wp-content\/uploads\/2023\/07\/PPGCIII-1536x553.png 1536w, https:\/\/pos.uel.br\/ppgci\/wp-content\/uploads\/2023\/07\/PPGCIII-2048x737.png 2048w\" sizes=\"auto, (max-width: 375px) 100vw, 375px\" \/><\/figure>\n<\/div><\/div>\n\n\n\n<p>A Comiss\u00e3o Coordenadora do Programa de P\u00f3s-Gradua\u00e7\u00e3o em Ci\u00eancia da Informa\u00e7\u00e3o, da Universidade Estadual de Londrina-UEL, no uso de suas atribui\u00e7\u00f5es administrativas e em conformidade com o Edital PROPPG\/DPG\/DAM, torna p\u00fablico aos interessados as normas e os procedimentos a serem obedecidos no processo de sele\u00e7\u00e3o para o preenchimento de vagas como estudantes especiais de Mestrado e Doutorado, a terem in\u00edcio no segundo per\u00edodo letivo de 2023.<\/p>\n\n\n\n<p><a href=\"https:\/\/pos.uel.br\/ppgci\/wp-content\/uploads\/2023\/07\/Edital-PPGCI-08-2023-2-estudante-especial.pdf\" data-type=\"URL\" data-id=\"https:\/\/pos.uel.br\/ppgci\/wp-content\/uploads\/2023\/07\/Edital-PPGCI-08-2023-2-estudante-especial.pdf\" target=\"_blank\" rel=\"noreferrer noopener\"><mark class=\"has-inline-color has-primary-accent-color\">Clique aqui e saiba mais.<\/mark><\/a><\/p>\n\n\n\n<p>RETIFICA\u00c7\u00c3O EDITAL n\u00ba08\/2023 \u2013 ESTUDANTE ESPECIAL<\/p>\n\n\n\n<p><a rel=\"noreferrer noopener\" href=\"https:\/\/pos.uel.br\/ppgci\/wp-content\/uploads\/2023\/07\/Retificao-de-Edital-no08-2023.pdf\" data-type=\"URL\" data-id=\"https:\/\/pos.uel.br\/ppgci\/wp-content\/uploads\/2023\/07\/Retificao-de-Edital-no08-2023.pdf\" target=\"_blank\"><mark class=\"has-inline-color has-primary-accent-color\">Clique aqui e saiba mais<\/mark><\/a><\/p>\n\n\n\n<p>RELA\u00c7\u00c3O DOS CANDIDATOS COM PEDIDO DE ISEN\u00c7\u00c3O DEFERIDOS OU INDEFERIDOS<\/p>\n\n\n\n<p><a rel=\"noreferrer noopener\" href=\"https:\/\/pos.uel.br\/ppgci\/wp-content\/uploads\/2023\/07\/Relacao-de-isencao.pdf\" data-type=\"URL\" data-id=\"https:\/\/pos.uel.br\/ppgci\/wp-content\/uploads\/2023\/07\/Relacao-de-isencao.pdf\" target=\"_blank\"><mark class=\"has-inline-color has-primary-accent-color\">Clique aqui e saiba mais<\/mark><\/a><\/p>\n\n\n\n<p>DIVULGA\u00c7\u00c3O DE RESULTADO E CONVOCA\u00c7\u00c3O PARA MATR\u00cdCULA DOS ESTUDANTES ESPECIAIS<\/p>\n\n\n\n<p><a href=\"https:\/\/pos.uel.br\/ppgci\/sem-categoria\/2023\/07\/31\/edital-no-09-2023-divulgacao-de-resultado-e-convocacao-para-matricula-dos-estudantes-especiais\/\" data-type=\"post\" data-id=\"1376\"><mark class=\"has-inline-color has-primary-accent-color\">Clique aqui e saiba mais.<\/mark><\/a><\/p>\n","protected":false},"excerpt":{"rendered":"<p>A Comiss\u00e3o Coordenadora do Programa de P\u00f3s-Gradua\u00e7\u00e3o em Ci\u00eancia da Informa\u00e7\u00e3o, da Universidade Estadual de Londrina-UEL, no uso de suas atribui\u00e7\u00f5es administrativas e em conformidade com o Edital PROPPG\/DPG\/DAM, torna p\u00fablico aos interessados as normas e os procedimentos a serem obedecidos no processo de sele\u00e7\u00e3o para o preenchimento de vagas como estudantes especiais de Mestrado [&hellip;]<\/p>\n","protected":false},"author":9,"featured_media":0,"comment_status":"open","ping_status":"open","sticky":false,"template":"","format":"standard","meta":{"footnotes":""},"categories":[6],"tags":[],"class_list":["post-1356","post","type-post","status-publish","format-standard","hentry","category-editais-publicados"],"_links":{"self":[{"href":"https:\/\/pos.uel.br\/ppgci\/wp-json\/wp\/v2\/posts\/1356","targetHints":{"allow":["GET"]}}],"collection":[{"href":"https:\/\/pos.uel.br\/ppgci\/wp-json\/wp\/v2\/posts"}],"about":[{"href":"https:\/\/pos.uel.br\/ppgci\/wp-json\/wp\/v2\/types\/post"}],"author":[{"embeddable":true,"href":"https:\/\/pos.uel.br\/ppgci\/wp-json\/wp\/v2\/users\/9"}],"replies":[{"embeddable":true,"href":"https:\/\/pos.uel.br\/ppgci\/wp-json\/wp\/v2\/comments?post=1356"}],"version-history":[{"count":8,"href":"https:\/\/pos.uel.br\/ppgci\/wp-json\/wp\/v2\/posts\/1356\/revisions"}],"predecessor-version":[{"id":1756,"href":"https:\/\/pos.uel.br\/ppgci\/wp-json\/wp\/v2\/posts\/1356\/revisions\/1756"}],"wp:attachment":[{"href":"https:\/\/pos.uel.br\/ppgci\/wp-json\/wp\/v2\/media?parent=1356"}],"wp:term":[{"taxonomy":"category","embeddable":true,"href":"https:\/\/pos.uel.br\/ppgci\/wp-json\/wp\/v2\/categories?post=1356"},{"taxonomy":"post_tag","embeddable":true,"href":"https:\/\/pos.uel.br\/ppgci\/wp-json\/wp\/v2\/tags?post=1356"}],"curies":[{"name":"wp","href":"https:\/\/api.w.org\/{rel}","templated":true}]}}