{"id":134,"date":"2022-03-02T15:59:49","date_gmt":"2022-03-02T18:59:49","guid":{"rendered":"https:\/\/pos.uel.br\/ppgci\/?p=134"},"modified":"2022-03-02T16:53:37","modified_gmt":"2022-03-02T19:53:37","slug":"semana-de-recepcao","status":"publish","type":"post","link":"https:\/\/pos.uel.br\/ppgci\/eventos\/2022\/03\/02\/semana-de-recepcao\/","title":{"rendered":"V Semana de Recep\u00e7\u00e3o aos Ingressantes"},"content":{"rendered":"\n<p>De 7 a 11 de mar\u00e7o de 2022 acontece a V SEMANA DE RECEP\u00c7\u00c3O AOS INGRESSANTES PPGCI-UEL, com atividades para os estudantes do programa e palestras abertas para a comunidade em geral.<\/p>\n\n\n\n<p>Confira a programa\u00e7\u00e3o:<\/p>\n\n\n\n<figure class=\"wp-block-image size-large\"><img loading=\"lazy\" decoding=\"async\" width=\"819\" height=\"1024\" src=\"https:\/\/pos.uel.br\/ppgci\/wp-content\/uploads\/2022\/03\/274813535_2766430310332551_4699853749991237761_n-1-819x1024.jpg\" alt=\"V Semana de recep\u00e7\u00e3o de ingressantes\" class=\"wp-image-164\" srcset=\"https:\/\/pos.uel.br\/ppgci\/wp-content\/uploads\/2022\/03\/274813535_2766430310332551_4699853749991237761_n-1-819x1024.jpg 819w, https:\/\/pos.uel.br\/ppgci\/wp-content\/uploads\/2022\/03\/274813535_2766430310332551_4699853749991237761_n-1-240x300.jpg 240w, https:\/\/pos.uel.br\/ppgci\/wp-content\/uploads\/2022\/03\/274813535_2766430310332551_4699853749991237761_n-1-768x960.jpg 768w, https:\/\/pos.uel.br\/ppgci\/wp-content\/uploads\/2022\/03\/274813535_2766430310332551_4699853749991237761_n-1.jpg 1024w\" sizes=\"auto, (max-width: 819px) 100vw, 819px\" \/><\/figure>\n\n\n\n<figure class=\"wp-block-image size-large\"><img loading=\"lazy\" decoding=\"async\" width=\"819\" height=\"1024\" src=\"https:\/\/pos.uel.br\/ppgci\/wp-content\/uploads\/2022\/03\/02-819x1024.jpg\" alt=\"Programa\u00e7\u00e3o 7 a 8 de mar\u00e7o\" class=\"wp-image-162\" srcset=\"https:\/\/pos.uel.br\/ppgci\/wp-content\/uploads\/2022\/03\/02-819x1024.jpg 819w, https:\/\/pos.uel.br\/ppgci\/wp-content\/uploads\/2022\/03\/02-240x300.jpg 240w, https:\/\/pos.uel.br\/ppgci\/wp-content\/uploads\/2022\/03\/02-768x960.jpg 768w, https:\/\/pos.uel.br\/ppgci\/wp-content\/uploads\/2022\/03\/02.jpg 1024w\" sizes=\"auto, (max-width: 819px) 100vw, 819px\" \/><\/figure>\n\n\n\n<figure class=\"wp-block-image size-large\"><img loading=\"lazy\" decoding=\"async\" width=\"819\" height=\"1024\" src=\"https:\/\/pos.uel.br\/ppgci\/wp-content\/uploads\/2022\/03\/03-819x1024.jpg\" alt=\"Programa\u00e7\u00e3o 9 a 11 de mar\u00e7o\" class=\"wp-image-163\" srcset=\"https:\/\/pos.uel.br\/ppgci\/wp-content\/uploads\/2022\/03\/03-819x1024.jpg 819w, https:\/\/pos.uel.br\/ppgci\/wp-content\/uploads\/2022\/03\/03-240x300.jpg 240w, https:\/\/pos.uel.br\/ppgci\/wp-content\/uploads\/2022\/03\/03-768x960.jpg 768w, https:\/\/pos.uel.br\/ppgci\/wp-content\/uploads\/2022\/03\/03.jpg 1024w\" sizes=\"auto, (max-width: 819px) 100vw, 819px\" \/><\/figure>\n","protected":false},"excerpt":{"rendered":"<p>De 7 a 11 de mar\u00e7o de 2022 acontece a V SEMANA DE RECEP\u00c7\u00c3O AOS INGRESSANTES PPGCI-UEL, com atividades para os estudantes do programa e palestras abertas para a comunidade em geral.<\/p>\n","protected":false},"author":9,"featured_media":145,"comment_status":"open","ping_status":"open","sticky":false,"template":"","format":"standard","meta":{"footnotes":""},"categories":[4],"tags":[],"class_list":["post-134","post","type-post","status-publish","format-standard","has-post-thumbnail","hentry","category-eventos"],"_links":{"self":[{"href":"https:\/\/pos.uel.br\/ppgci\/wp-json\/wp\/v2\/posts\/134","targetHints":{"allow":["GET"]}}],"collection":[{"href":"https:\/\/pos.uel.br\/ppgci\/wp-json\/wp\/v2\/posts"}],"about":[{"href":"https:\/\/pos.uel.br\/ppgci\/wp-json\/wp\/v2\/types\/post"}],"author":[{"embeddable":true,"href":"https:\/\/pos.uel.br\/ppgci\/wp-json\/wp\/v2\/users\/9"}],"replies":[{"embeddable":true,"href":"https:\/\/pos.uel.br\/ppgci\/wp-json\/wp\/v2\/comments?post=134"}],"version-history":[{"count":4,"href":"https:\/\/pos.uel.br\/ppgci\/wp-json\/wp\/v2\/posts\/134\/revisions"}],"predecessor-version":[{"id":166,"href":"https:\/\/pos.uel.br\/ppgci\/wp-json\/wp\/v2\/posts\/134\/revisions\/166"}],"wp:featuredmedia":[{"embeddable":true,"href":"https:\/\/pos.uel.br\/ppgci\/wp-json\/wp\/v2\/media\/145"}],"wp:attachment":[{"href":"https:\/\/pos.uel.br\/ppgci\/wp-json\/wp\/v2\/media?parent=134"}],"wp:term":[{"taxonomy":"category","embeddable":true,"href":"https:\/\/pos.uel.br\/ppgci\/wp-json\/wp\/v2\/categories?post=134"},{"taxonomy":"post_tag","embeddable":true,"href":"https:\/\/pos.uel.br\/ppgci\/wp-json\/wp\/v2\/tags?post=134"}],"curies":[{"name":"wp","href":"https:\/\/api.w.org\/{rel}","templated":true}]}}