{"id":1338,"date":"2023-05-30T11:05:42","date_gmt":"2023-05-30T14:05:42","guid":{"rendered":"https:\/\/pos.uel.br\/ppgci\/?p=1338"},"modified":"2024-09-12T08:43:59","modified_gmt":"2024-09-12T11:43:59","slug":"curso-la-dimension-social-de-la-organizacion-del-conocimiento-fundamentos-y-metodos-de-la-garantia-cultural-29-e-30-de-maio-biblioteca-publica-de-londrina","status":"publish","type":"post","link":"https:\/\/pos.uel.br\/ppgci\/sem-categoria\/2023\/05\/30\/curso-la-dimension-social-de-la-organizacion-del-conocimiento-fundamentos-y-metodos-de-la-garantia-cultural-29-e-30-de-maio-biblioteca-publica-de-londrina\/","title":{"rendered":"Curso: &#8220;La Dimensi\u00f3n Social de la Organizaci\u00f3n del Conocimiento: Fundamentos y M\u00e9todos de la Garant\u00eda Cultural&#8221; &#8211; 29 e 30 de Maio -Biblioteca P\u00fablica de Londrina"},"content":{"rendered":"\n<p>A Biblioteca P\u00fablica de Londrina est\u00e1 sendo palco de um evento imperd\u00edvel que ocorre hoje, dia 29 de maio, e amanh\u00e3, dia 30 de maio. No \u00e2mbito das atividades do 7\u00b0 COAIC, o Programa de P\u00f3s-Gradua\u00e7\u00e3o em Ci\u00eancia da Informa\u00e7\u00e3o da Universidade Estadual de Londrina (PPGCI UEL) promove o curso intitulado &#8220;La Dimensi\u00f3n Social de la Organizaci\u00f3n del Conocimiento: Fundamentos y M\u00e9todos de la Garant\u00eda Cultural&#8221;, ministrado pelo renomado Prof. Dr. Mario Barit\u00e9 (UDELAR, Uruguai). O curso aborda a import\u00e2ncia da dimens\u00e3o social na organiza\u00e7\u00e3o do conhecimento e visa oferecer uma oportunidade \u00fanica para aprimorar os conhecimentos nessa campo de estudos fundamental para a Ci\u00eancia da Informa\u00e7\u00e3o.<\/p>\n\n\n\n<figure class=\"wp-block-image size-full\"><img loading=\"lazy\" decoding=\"async\" width=\"304\" height=\"305\" src=\"https:\/\/pos.uel.br\/ppgci\/wp-content\/uploads\/2023\/05\/COIAIC-2.png\" alt=\"\" class=\"wp-image-1351\" srcset=\"https:\/\/pos.uel.br\/ppgci\/wp-content\/uploads\/2023\/05\/COIAIC-2.png 304w, https:\/\/pos.uel.br\/ppgci\/wp-content\/uploads\/2023\/05\/COIAIC-2-300x300.png 300w, https:\/\/pos.uel.br\/ppgci\/wp-content\/uploads\/2023\/05\/COIAIC-2-150x150.png 150w\" sizes=\"auto, (max-width: 304px) 100vw, 304px\" \/><\/figure>\n\n\n\n<div class=\"wp-block-group alignfull\"><div class=\"wp-block-group__inner-container is-layout-constrained wp-block-group-is-layout-constrained\">\n<div class=\"wp-block-columns alignfull is-layout-flex wp-container-core-columns-is-layout-9d6595d7 wp-block-columns-is-layout-flex\">\n<div class=\"wp-block-column is-layout-flow wp-block-column-is-layout-flow\" style=\"flex-basis:100%\">\n<figure class=\"wp-block-gallery has-nested-images columns-default is-cropped wp-block-gallery-1 is-layout-flex wp-block-gallery-is-layout-flex\">\n<figure class=\"wp-block-image size-full\"><img loading=\"lazy\" decoding=\"async\" width=\"899\" height=\"506\" data-id=\"1342\" src=\"https:\/\/pos.uel.br\/ppgci\/wp-content\/uploads\/2023\/05\/WhatsApp-Image-2023-05-29-at-15.44.14-1-1-edited.jpeg\" alt=\"\" class=\"wp-image-1342\" srcset=\"https:\/\/pos.uel.br\/ppgci\/wp-content\/uploads\/2023\/05\/WhatsApp-Image-2023-05-29-at-15.44.14-1-1-edited.jpeg 899w, https:\/\/pos.uel.br\/ppgci\/wp-content\/uploads\/2023\/05\/WhatsApp-Image-2023-05-29-at-15.44.14-1-1-edited-300x169.jpeg 300w, https:\/\/pos.uel.br\/ppgci\/wp-content\/uploads\/2023\/05\/WhatsApp-Image-2023-05-29-at-15.44.14-1-1-edited-768x432.jpeg 768w\" sizes=\"auto, (max-width: 899px) 100vw, 899px\" \/><\/figure>\n<\/figure>\n<\/div>\n<\/div>\n<\/div><\/div>\n\n\n\n<figure class=\"wp-block-image size-large\"><img loading=\"lazy\" decoding=\"async\" width=\"1024\" height=\"576\" src=\"https:\/\/pos.uel.br\/ppgci\/wp-content\/uploads\/2023\/05\/WhatsApp-Image-2023-05-29-at-15.44.14-3-1024x576.jpeg\" alt=\"\" class=\"wp-image-1346\" srcset=\"https:\/\/pos.uel.br\/ppgci\/wp-content\/uploads\/2023\/05\/WhatsApp-Image-2023-05-29-at-15.44.14-3-1024x576.jpeg 1024w, https:\/\/pos.uel.br\/ppgci\/wp-content\/uploads\/2023\/05\/WhatsApp-Image-2023-05-29-at-15.44.14-3-300x169.jpeg 300w, https:\/\/pos.uel.br\/ppgci\/wp-content\/uploads\/2023\/05\/WhatsApp-Image-2023-05-29-at-15.44.14-3-768x432.jpeg 768w, https:\/\/pos.uel.br\/ppgci\/wp-content\/uploads\/2023\/05\/WhatsApp-Image-2023-05-29-at-15.44.14-3-1536x864.jpeg 1536w, https:\/\/pos.uel.br\/ppgci\/wp-content\/uploads\/2023\/05\/WhatsApp-Image-2023-05-29-at-15.44.14-3.jpeg 1599w\" sizes=\"auto, (max-width: 1024px) 100vw, 1024px\" \/><\/figure>\n","protected":false},"excerpt":{"rendered":"<p>A Biblioteca P\u00fablica de Londrina est\u00e1 sendo palco de um evento imperd\u00edvel que ocorre hoje, dia 29 de maio, e amanh\u00e3, dia 30 de maio. No \u00e2mbito das atividades do 7\u00b0 COAIC, o Programa de P\u00f3s-Gradua\u00e7\u00e3o em Ci\u00eancia da Informa\u00e7\u00e3o da Universidade Estadual de Londrina (PPGCI UEL) promove o curso intitulado &#8220;La Dimensi\u00f3n Social de [&hellip;]<\/p>\n","protected":false},"author":9,"featured_media":0,"comment_status":"open","ping_status":"open","sticky":false,"template":"","format":"standard","meta":{"footnotes":""},"categories":[1],"tags":[],"class_list":["post-1338","post","type-post","status-publish","format-standard","hentry","category-sem-categoria"],"_links":{"self":[{"href":"https:\/\/pos.uel.br\/ppgci\/wp-json\/wp\/v2\/posts\/1338","targetHints":{"allow":["GET"]}}],"collection":[{"href":"https:\/\/pos.uel.br\/ppgci\/wp-json\/wp\/v2\/posts"}],"about":[{"href":"https:\/\/pos.uel.br\/ppgci\/wp-json\/wp\/v2\/types\/post"}],"author":[{"embeddable":true,"href":"https:\/\/pos.uel.br\/ppgci\/wp-json\/wp\/v2\/users\/9"}],"replies":[{"embeddable":true,"href":"https:\/\/pos.uel.br\/ppgci\/wp-json\/wp\/v2\/comments?post=1338"}],"version-history":[{"count":6,"href":"https:\/\/pos.uel.br\/ppgci\/wp-json\/wp\/v2\/posts\/1338\/revisions"}],"predecessor-version":[{"id":1757,"href":"https:\/\/pos.uel.br\/ppgci\/wp-json\/wp\/v2\/posts\/1338\/revisions\/1757"}],"wp:attachment":[{"href":"https:\/\/pos.uel.br\/ppgci\/wp-json\/wp\/v2\/media?parent=1338"}],"wp:term":[{"taxonomy":"category","embeddable":true,"href":"https:\/\/pos.uel.br\/ppgci\/wp-json\/wp\/v2\/categories?post=1338"},{"taxonomy":"post_tag","embeddable":true,"href":"https:\/\/pos.uel.br\/ppgci\/wp-json\/wp\/v2\/tags?post=1338"}],"curies":[{"name":"wp","href":"https:\/\/api.w.org\/{rel}","templated":true}]}}