{"id":1325,"date":"2023-04-26T09:19:00","date_gmt":"2023-04-26T12:19:00","guid":{"rendered":"https:\/\/pos.uel.br\/ppgci\/?p=1325"},"modified":"2023-04-26T09:35:19","modified_gmt":"2023-04-26T12:35:19","slug":"xiii-encuentro-de-directores-y-xii-de-docentes-de-escuelas-de-bibliotecologia-y-ciencia-de-la-informacion-del-mercosur","status":"publish","type":"post","link":"https:\/\/pos.uel.br\/ppgci\/sem-categoria\/2023\/04\/26\/xiii-encuentro-de-directores-y-xii-de-docentes-de-escuelas-de-bibliotecologia-y-ciencia-de-la-informacion-del-mercosur\/","title":{"rendered":"XIII Encuentro de Directores y XII de Docentes de Escuelas de Bibliotecolog\u00eda y Ciencia de la Informaci\u00f3n del MERCOSUR"},"content":{"rendered":"\n<figure class=\"wp-block-image size-large\"><img loading=\"lazy\" decoding=\"async\" width=\"1024\" height=\"768\" src=\"https:\/\/pos.uel.br\/ppgci\/wp-content\/uploads\/2023\/04\/5979d53d-4447-46ee-8dd8-050868c7c5a1-1024x768.jpg\" alt=\"\" class=\"wp-image-1323\" srcset=\"https:\/\/pos.uel.br\/ppgci\/wp-content\/uploads\/2023\/04\/5979d53d-4447-46ee-8dd8-050868c7c5a1-1024x768.jpg 1024w, https:\/\/pos.uel.br\/ppgci\/wp-content\/uploads\/2023\/04\/5979d53d-4447-46ee-8dd8-050868c7c5a1-300x225.jpg 300w, https:\/\/pos.uel.br\/ppgci\/wp-content\/uploads\/2023\/04\/5979d53d-4447-46ee-8dd8-050868c7c5a1-768x576.jpg 768w, https:\/\/pos.uel.br\/ppgci\/wp-content\/uploads\/2023\/04\/5979d53d-4447-46ee-8dd8-050868c7c5a1-1536x1152.jpg 1536w, https:\/\/pos.uel.br\/ppgci\/wp-content\/uploads\/2023\/04\/5979d53d-4447-46ee-8dd8-050868c7c5a1.jpg 1600w\" sizes=\"auto, (max-width: 1024px) 100vw, 1024px\" \/><\/figure>\n\n\n\n<p>Participa\u00e7\u00e3o do Programa de P\u00f3s-Gradua\u00e7\u00e3o em Ci\u00eancia da Informa\u00e7\u00e3o no XIII Encuentro de Directores y XII de Docentes de Escuelas de Bibliotecolog\u00eda y Ciencia de la Informaci\u00f3n del MERCOSUR e no I Encuentro de Revistas Acad\u00e9micas de Ciencias de la Informaci\u00f3n del MERCOSUR, promovido pela Facultad de Informaci\u00f3n y Comunicaci\u00f3n &#8211; UDELAR, em Montevideo. As atividades se deram na apresenta\u00e7\u00e3o de 8 trabalhos, coordena\u00e7\u00e3o de mesas e participa\u00e7\u00e3o dos debates da \u00e1rea de Ci\u00eancia da Informa\u00e7\u00e3o.<\/p>\n","protected":false},"excerpt":{"rendered":"<p>Participa\u00e7\u00e3o do Programa de P\u00f3s-Gradua\u00e7\u00e3o em Ci\u00eancia da Informa\u00e7\u00e3o no XIII Encuentro de Directores y XII de Docentes de Escuelas de Bibliotecolog\u00eda y Ciencia de la Informaci\u00f3n del MERCOSUR e no I Encuentro de Revistas Acad\u00e9micas de Ciencias de la Informaci\u00f3n del MERCOSUR, promovido pela Facultad de Informaci\u00f3n y Comunicaci\u00f3n &#8211; UDELAR, em Montevideo. As [&hellip;]<\/p>\n","protected":false},"author":9,"featured_media":0,"comment_status":"open","ping_status":"open","sticky":false,"template":"","format":"standard","meta":{"footnotes":""},"categories":[1],"tags":[],"class_list":["post-1325","post","type-post","status-publish","format-standard","hentry","category-sem-categoria"],"_links":{"self":[{"href":"https:\/\/pos.uel.br\/ppgci\/wp-json\/wp\/v2\/posts\/1325","targetHints":{"allow":["GET"]}}],"collection":[{"href":"https:\/\/pos.uel.br\/ppgci\/wp-json\/wp\/v2\/posts"}],"about":[{"href":"https:\/\/pos.uel.br\/ppgci\/wp-json\/wp\/v2\/types\/post"}],"author":[{"embeddable":true,"href":"https:\/\/pos.uel.br\/ppgci\/wp-json\/wp\/v2\/users\/9"}],"replies":[{"embeddable":true,"href":"https:\/\/pos.uel.br\/ppgci\/wp-json\/wp\/v2\/comments?post=1325"}],"version-history":[{"count":2,"href":"https:\/\/pos.uel.br\/ppgci\/wp-json\/wp\/v2\/posts\/1325\/revisions"}],"predecessor-version":[{"id":1327,"href":"https:\/\/pos.uel.br\/ppgci\/wp-json\/wp\/v2\/posts\/1325\/revisions\/1327"}],"wp:attachment":[{"href":"https:\/\/pos.uel.br\/ppgci\/wp-json\/wp\/v2\/media?parent=1325"}],"wp:term":[{"taxonomy":"category","embeddable":true,"href":"https:\/\/pos.uel.br\/ppgci\/wp-json\/wp\/v2\/categories?post=1325"},{"taxonomy":"post_tag","embeddable":true,"href":"https:\/\/pos.uel.br\/ppgci\/wp-json\/wp\/v2\/tags?post=1325"}],"curies":[{"name":"wp","href":"https:\/\/api.w.org\/{rel}","templated":true}]}}