{"id":1200,"date":"2023-03-13T15:33:34","date_gmt":"2023-03-13T18:33:34","guid":{"rendered":"https:\/\/pos.uel.br\/ppgci\/?p=1200"},"modified":"2023-03-13T15:34:12","modified_gmt":"2023-03-13T18:34:12","slug":"vi-semana-de-recepcao-aos-ingressantes","status":"publish","type":"post","link":"https:\/\/pos.uel.br\/ppgci\/eventos\/2023\/03\/13\/vi-semana-de-recepcao-aos-ingressantes\/","title":{"rendered":"VI Semana de Recep\u00e7\u00e3o aos Ingressantes"},"content":{"rendered":"\n<p>Nos dias 14 e 15 de mar\u00e7o de 2023 acontece a VI SEMANA DE RECEP\u00c7\u00c3O AOS INGRESSANTES PPGCI-UEL, com atividades para os estudantes do programa e palestras abertas para a comunidade em geral.<\/p>\n\n\n\n<p>Confira a programa\u00e7\u00e3o:<\/p>\n\n\n\n<figure class=\"wp-block-image size-large\"><img loading=\"lazy\" decoding=\"async\" width=\"819\" height=\"1024\" src=\"https:\/\/pos.uel.br\/ppgci\/wp-content\/uploads\/2023\/03\/Snapinsta.app_1080_335607627_244240294620540_5767131856084814505_n-819x1024.jpg\" alt=\"\" class=\"wp-image-1201\" srcset=\"https:\/\/pos.uel.br\/ppgci\/wp-content\/uploads\/2023\/03\/Snapinsta.app_1080_335607627_244240294620540_5767131856084814505_n-819x1024.jpg 819w, https:\/\/pos.uel.br\/ppgci\/wp-content\/uploads\/2023\/03\/Snapinsta.app_1080_335607627_244240294620540_5767131856084814505_n-240x300.jpg 240w, https:\/\/pos.uel.br\/ppgci\/wp-content\/uploads\/2023\/03\/Snapinsta.app_1080_335607627_244240294620540_5767131856084814505_n-768x960.jpg 768w, https:\/\/pos.uel.br\/ppgci\/wp-content\/uploads\/2023\/03\/Snapinsta.app_1080_335607627_244240294620540_5767131856084814505_n.jpg 1080w\" sizes=\"auto, (max-width: 819px) 100vw, 819px\" \/><\/figure>\n\n\n\n<figure class=\"wp-block-image size-large\"><img loading=\"lazy\" decoding=\"async\" width=\"819\" height=\"1024\" src=\"https:\/\/pos.uel.br\/ppgci\/wp-content\/uploads\/2023\/03\/Snapinsta.app_1080_334865698_596179262090688_6937402957995274416_n-819x1024.jpg\" alt=\"\" class=\"wp-image-1203\" srcset=\"https:\/\/pos.uel.br\/ppgci\/wp-content\/uploads\/2023\/03\/Snapinsta.app_1080_334865698_596179262090688_6937402957995274416_n-819x1024.jpg 819w, https:\/\/pos.uel.br\/ppgci\/wp-content\/uploads\/2023\/03\/Snapinsta.app_1080_334865698_596179262090688_6937402957995274416_n-240x300.jpg 240w, https:\/\/pos.uel.br\/ppgci\/wp-content\/uploads\/2023\/03\/Snapinsta.app_1080_334865698_596179262090688_6937402957995274416_n-768x960.jpg 768w, https:\/\/pos.uel.br\/ppgci\/wp-content\/uploads\/2023\/03\/Snapinsta.app_1080_334865698_596179262090688_6937402957995274416_n.jpg 1080w\" sizes=\"auto, (max-width: 819px) 100vw, 819px\" \/><\/figure>\n","protected":false},"excerpt":{"rendered":"<p>Nos dias 14 e 15 de mar\u00e7o de 2023 acontece a VI SEMANA DE RECEP\u00c7\u00c3O AOS INGRESSANTES PPGCI-UEL, com atividades para os estudantes do programa e palestras abertas para a comunidade em geral. Confira a programa\u00e7\u00e3o:<\/p>\n","protected":false},"author":10,"featured_media":1202,"comment_status":"open","ping_status":"open","sticky":false,"template":"","format":"standard","meta":{"footnotes":""},"categories":[4],"tags":[],"class_list":["post-1200","post","type-post","status-publish","format-standard","has-post-thumbnail","hentry","category-eventos"],"_links":{"self":[{"href":"https:\/\/pos.uel.br\/ppgci\/wp-json\/wp\/v2\/posts\/1200","targetHints":{"allow":["GET"]}}],"collection":[{"href":"https:\/\/pos.uel.br\/ppgci\/wp-json\/wp\/v2\/posts"}],"about":[{"href":"https:\/\/pos.uel.br\/ppgci\/wp-json\/wp\/v2\/types\/post"}],"author":[{"embeddable":true,"href":"https:\/\/pos.uel.br\/ppgci\/wp-json\/wp\/v2\/users\/10"}],"replies":[{"embeddable":true,"href":"https:\/\/pos.uel.br\/ppgci\/wp-json\/wp\/v2\/comments?post=1200"}],"version-history":[{"count":1,"href":"https:\/\/pos.uel.br\/ppgci\/wp-json\/wp\/v2\/posts\/1200\/revisions"}],"predecessor-version":[{"id":1204,"href":"https:\/\/pos.uel.br\/ppgci\/wp-json\/wp\/v2\/posts\/1200\/revisions\/1204"}],"wp:featuredmedia":[{"embeddable":true,"href":"https:\/\/pos.uel.br\/ppgci\/wp-json\/wp\/v2\/media\/1202"}],"wp:attachment":[{"href":"https:\/\/pos.uel.br\/ppgci\/wp-json\/wp\/v2\/media?parent=1200"}],"wp:term":[{"taxonomy":"category","embeddable":true,"href":"https:\/\/pos.uel.br\/ppgci\/wp-json\/wp\/v2\/categories?post=1200"},{"taxonomy":"post_tag","embeddable":true,"href":"https:\/\/pos.uel.br\/ppgci\/wp-json\/wp\/v2\/tags?post=1200"}],"curies":[{"name":"wp","href":"https:\/\/api.w.org\/{rel}","templated":true}]}}