{"id":915,"count":1,"description":"","link":"https:\/\/pos.uel.br\/pecem\/palavra-chave\/criterios-de-correcao\/","name":"crit\u00e9rios de corre\u00e7\u00e3o","slug":"criterios-de-correcao","taxonomy":"palavra-chave","meta":[],"acf":[],"_links":{"self":[{"href":"https:\/\/pos.uel.br\/pecem\/wp-json\/wp\/v2\/palavra-chave\/915","targetHints":{"allow":["GET"]}}],"collection":[{"href":"https:\/\/pos.uel.br\/pecem\/wp-json\/wp\/v2\/palavra-chave"}],"about":[{"href":"https:\/\/pos.uel.br\/pecem\/wp-json\/wp\/v2\/taxonomies\/palavra-chave"}]}}