{"id":803,"count":1,"description":"","link":"https:\/\/pos.uel.br\/pecem\/palavra-chave\/composicao-vetorial-de-forcas\/","name":"composi\u00e7\u00e3o vetorial de for\u00e7as","slug":"composicao-vetorial-de-forcas","taxonomy":"palavra-chave","meta":[],"acf":[],"_links":{"self":[{"href":"https:\/\/pos.uel.br\/pecem\/wp-json\/wp\/v2\/palavra-chave\/803","targetHints":{"allow":["GET"]}}],"collection":[{"href":"https:\/\/pos.uel.br\/pecem\/wp-json\/wp\/v2\/palavra-chave"}],"about":[{"href":"https:\/\/pos.uel.br\/pecem\/wp-json\/wp\/v2\/taxonomies\/palavra-chave"}]}}