{"id":756,"count":1,"description":"","link":"https:\/\/pos.uel.br\/pecem\/palavra-chave\/investigacao-sobre-identidade-profissional-de-professores-que-ensinam-matematica\/","name":"investiga\u00e7\u00e3o sobre identidade profissional de professores que ensinam matem\u00e1tica","slug":"investigacao-sobre-identidade-profissional-de-professores-que-ensinam-matematica","taxonomy":"palavra-chave","meta":[],"acf":[],"_links":{"self":[{"href":"https:\/\/pos.uel.br\/pecem\/wp-json\/wp\/v2\/palavra-chave\/756","targetHints":{"allow":["GET"]}}],"collection":[{"href":"https:\/\/pos.uel.br\/pecem\/wp-json\/wp\/v2\/palavra-chave"}],"about":[{"href":"https:\/\/pos.uel.br\/pecem\/wp-json\/wp\/v2\/taxonomies\/palavra-chave"}]}}